{"id":60873,"date":"2023-04-26T10:25:39","date_gmt":"2023-04-26T09:25:39","guid":{"rendered":"https:\/\/aicongress.barcelona\/presentcidai\/"},"modified":"2024-05-23T11:48:04","modified_gmt":"2024-05-23T10:48:04","slug":"presentcidai","status":"publish","type":"post","link":"https:\/\/aicongress.barcelona\/es\/presentcidai\/","title":{"rendered":"09.00h a 09.15h <br>Bienvenida"},"content":{"rendered":"<div class=\"wpb-content-wrapper\"><p>[vc_section][vc_row css=\u00bb.vc_custom_1681910300131{padding-bottom: 30px !important;}\u00bb][vc_column]<div id=\"ultimate-heading-45246a97ebff81d32\" class=\"uvc-heading ult-adjust-bottom-margin ultimate-heading-45246a97ebff81d32 uvc-2741  uvc-heading-default-font-sizes\" data-hspacer=\"line_only\"  data-halign=\"left\" style=\"text-align:left\"><div class=\"uvc-main-heading ult-responsive\"  data-ultimate-target='.uvc-heading.ultimate-heading-45246a97ebff81d32 h2'  data-responsive-json-new='{\"font-size\":\"\",\"line-height\":\"\"}' ><h2 style=\"--font-weight:theme;color:#4383ce;\">Bienvenida <\/h2><\/div><div class=\"uvc-heading-spacer line_only\" style=\"topheight:1px;\"><span class=\"uvc-headings-line\" style=\"border-style:solid;border-bottom-width:1px;border-color:#4383ce;width:100px;\"><\/span><\/div><div class=\"uvc-sub-heading ult-responsive\"  data-ultimate-target='.uvc-heading.ultimate-heading-45246a97ebff81d32 .uvc-sub-heading '  data-responsive-json-new='{\"font-size\":\"\",\"line-height\":\"\"}'  style=\"font-weight:normal;\"><\/p>\n<h3><strong>9 octubre 2024 | 09.00h a 09.15h<\/strong><\/h3>\n<p><\/div><\/div>[\/vc_column][\/vc_row][vc_row full_width=\u00bbstretch_row\u00bb bg_type=\u00bbbg_color\u00bb bg_color_value=\u00bb#ededed\u00bb css=\u00bb.vc_custom_1681913912294{padding-top: 30px !important;padding-bottom: 30px !important;}\u00bb][vc_column][vc_row_inner][vc_column_inner][vc_column_text css=\u00bb\u00bb]<\/p>\n<h4 style=\"text-align: left;\">El d\u00eda 9 de octubre te invitamos a disfrutar del 10\u00ba aniversario del AI &amp; Big Data Congress en el Auditorio AXA de Barcelona.<\/h4>\n<p>[\/vc_column_text][\/vc_column_inner][\/vc_row_inner][\/vc_column][\/vc_row][vc_row css=\u00bb.vc_custom_1681911144668{padding-top: 30px !important;padding-bottom: 30px !important;}\u00bb][vc_column]<div id=\"ultimate-heading-94816a97ebff81ebe\" class=\"uvc-heading ult-adjust-bottom-margin ultimate-heading-94816a97ebff81ebe uvc-3070  uvc-heading-default-font-sizes\" data-hspacer=\"line_only\"  data-halign=\"left\" style=\"text-align:left\"><div class=\"uvc-main-heading ult-responsive\"  data-ultimate-target='.uvc-heading.ultimate-heading-94816a97ebff81ebe h2'  data-responsive-json-new='{\"font-size\":\"\",\"line-height\":\"\"}' ><h2 style=\"--font-weight:theme;color:#4383ce;\">Presentan<\/h2><\/div><div class=\"uvc-heading-spacer line_only\" style=\"topheight:1px;\"><span class=\"uvc-headings-line\" style=\"border-style:solid;border-bottom-width:1px;border-color:#4383ce;width:100px;\"><\/span><\/div><\/div>[\/vc_column][\/vc_row][vc_row][vc_column][vc_row_inner][vc_column_inner width=\u00bb1\/4&#8243;][vc_single_image image=\u00bb64824&#8243; img_size=\u00bbfull\u00bb css=\u00bb\u00bb][vc_empty_space][vc_column_text css=\u00bb\u00bb]<\/p>\n<p style=\"text-align: center;\"><strong><a href=\"https:\/\/www.ccma.cat\/3cat\/\" target=\"_blank\" rel=\"noopener\">www.ccma.cat\/3cat<\/a><\/strong><\/p>\n<p>[\/vc_column_text][\/vc_column_inner][vc_column_inner width=\u00bb3\/4&#8243;]<div id=\"ultimate-heading-16166a97ebff81fc1\" class=\"uvc-heading ult-adjust-bottom-margin ultimate-heading-16166a97ebff81fc1 uvc-3726  uvc-heading-default-font-sizes\" data-hspacer=\"line_only\"  data-halign=\"left\" style=\"text-align:left\"><div class=\"uvc-main-heading ult-responsive\"  data-ultimate-target='.uvc-heading.ultimate-heading-16166a97ebff81fc1 h2'  data-responsive-json-new='{\"font-size\":\"\",\"line-height\":\"\"}' ><h2 style=\"--font-weight:theme;\">CRISTINA HERRANZ<\/h2><\/div><div class=\"uvc-heading-spacer line_only\" style=\"topheight:1px;\"><span class=\"uvc-headings-line\" style=\"border-style:solid;border-bottom-width:1px;border-color:#4383ce;width:100px;\"><\/span><\/div><div class=\"uvc-sub-heading ult-responsive\"  data-ultimate-target='.uvc-heading.ultimate-heading-16166a97ebff81fc1 .uvc-sub-heading '  data-responsive-json-new='{\"font-size\":\"\",\"line-height\":\"\"}'  style=\"font-weight:normal;\"><\/p>\n<h4>Presentadora del 10\u00ba aniversario del AI &amp; BD Congress<\/h4>\n<p><\/div><\/div>[vc_column_text css=\u00bb\u00bb]<strong>Cristina Herranz<\/strong> se licenci\u00f3 en Periodismo en la Universidad Aut\u00f3noma de Barcelona. Se inici\u00f3 como periodista en la radio y en varios medios escritos. Tambi\u00e9n trabaj\u00f3 en los Informativos de BTV y en la Red Audiovisual Local. Posteriormente, trabaj\u00f3 como redactora y presentadora en el Canal 3\/24 de Televisi\u00f3 de Catalunya.<\/p>\n<p>De su trayectoria profesional, destacan tambi\u00e9n las cr\u00f3nicas diarias, durante cuatro temporadas, desde la Bolsa de Barcelona sobre informaci\u00f3n econ\u00f3mica, financiera y mercados burs\u00e1tiles, por canal 3\/24 y TV3. En la actualidad trabaja como redactora en la secci\u00f3n de Econom\u00eda de Informativos de TV3, especializada en turismo, rutas a\u00e9reas, gesti\u00f3n aeroportuaria, comercio, consumo, grandes ferias y eventos, nuevas tendencias y econom\u00eda azul.<\/p>\n<p>Tambi\u00e9n ha elaborado reportajes sobre nuevas tecnolog\u00edas, actividades industriales y eficiencia energ\u00e9tica. Ha presentado diversas galas de entrega de premios sobre n\u00e1utica y ha moderado debates sobre econom\u00eda azul, movilidad el\u00e9ctrica, eficiencia energ\u00e9tica o vivienda social.<\/p>\n<div class=\"aVla3\">\n<div class=\"\">\n<div class=\"GjFKx isFirstCard\" tabindex=\"-1\">\n<div class=\"iaEpS jmmB7\">\n<div class=\"ms-Persona-coin ms-Persona--size40 BQOiO coin-366\" role=\"presentation\">\n<div class=\"ms-Persona-imageArea imageArea-478\" role=\"presentation\">\n<div class=\"ms-Image ms-Persona-image image-626\"><img decoding=\"async\" class=\"ms-Image-image is-loaded ms-Image-image--cover ms-Image-image--portrait image-411\" src=\"blob:https:\/\/outlook.office365.com\/42e194bf-edac-46ec-88a6-d2855234c4f2\" alt=\"\" \/><\/div>\n<\/div>\n<\/div>\n<\/div>\n<div class=\"jmmB7 Ts94W allowTextSelection\">\n<div class=\"c7KoH\"><\/div>\n<\/div>\n<\/div>\n<\/div>\n<\/div>\n<p>[\/vc_column_text][\/vc_column_inner][\/vc_row_inner][\/vc_column][\/vc_row][vc_row][vc_column][vc_row_inner][vc_column_inner width=\u00bb1\/4&#8243;][vc_single_image image=\u00bb65118&#8243; img_size=\u00bbfull\u00bb css=\u00bb\u00bb][vc_empty_space][vc_column_text css=\u00bb\u00bb]<\/p>\n<p style=\"text-align: center;\"><strong><a href=\"https:\/\/cidai.eu\/\" target=\"_blank\" rel=\"noopener\">www.cidai.eu<\/a> | <a href=\"https:\/\/www.linkedin.com\/company\/cidai\/?originalSubdomain=es\" target=\"_blank\" rel=\"noopener\">Linkedin<\/a><br \/>\n<a href=\"https:\/\/twitter.com\/CIDAI_eu\" target=\"_blank\" rel=\"noopener\">@CIDAI_eu<\/a><\/strong><\/p>\n<p>[\/vc_column_text][\/vc_column_inner][vc_column_inner width=\u00bb3\/4&#8243;]<div id=\"ultimate-heading-37856a97ebff820bc\" class=\"uvc-heading ult-adjust-bottom-margin ultimate-heading-37856a97ebff820bc uvc-6839  uvc-heading-default-font-sizes\" data-hspacer=\"line_only\"  data-halign=\"left\" style=\"text-align:left\"><div class=\"uvc-main-heading ult-responsive\"  data-ultimate-target='.uvc-heading.ultimate-heading-37856a97ebff820bc h2'  data-responsive-json-new='{\"font-size\":\"\",\"line-height\":\"\"}' ><h2 style=\"--font-weight:theme;\">JOAN MAS<\/h2><\/div><div class=\"uvc-heading-spacer line_only\" style=\"topheight:1px;\"><span class=\"uvc-headings-line\" style=\"border-style:solid;border-bottom-width:1px;border-color:#4383ce;width:100px;\"><\/span><\/div><div class=\"uvc-sub-heading ult-responsive\"  data-ultimate-target='.uvc-heading.ultimate-heading-37856a97ebff820bc .uvc-sub-heading '  data-responsive-json-new='{\"font-size\":\"\",\"line-height\":\"\"}'  style=\"font-weight:normal;\"><\/p>\n<h4>Director del CIDAI<\/h4>\n<p><\/div><\/div>[vc_column_text css=\u00bb\u00bb]<strong>Joan Mas<\/strong> es ingeniero de Telecomunicaciones (UPC) y MBA (Webster University). Trabaj\u00f3 10 a\u00f1os en la Agencia Espacial Europea, Pa\u00edses Bajos, en los proyectos ENVISAT y METOP, sat\u00e9lites de observaci\u00f3n de la Tierra. De 2000 a 2008 desarroll\u00f3 en NTE S.A., equipamiento para la Estaci\u00f3n Espacial Internacional y sistemas de apoyo a la vida para misiones espaciales tripuladas. Hasta 2024 ha sido Director de la Divisi\u00f3n de Tecnolog\u00edas Digitales en Eurecat, impulsando desarrollos en \u00e1mbitos como Data Analytics y Big Data, Inteligencia Artificial, Ciberseguridad y otros para aplicaciones multisectoriales. Actualmente, es Director Cient\u00edfico en el \u00e1mbito digital en Eurecat y, desde 2021, tambi\u00e9n es Director del CIDAI.<\/p>\n<div class=\"aVla3\">\n<div class=\"\">\n<div class=\"GjFKx isFirstCard\" tabindex=\"-1\">\n<div class=\"iaEpS jmmB7\">\n<div class=\"ms-Persona-coin ms-Persona--size40 BQOiO coin-366\" role=\"presentation\">\n<div class=\"ms-Persona-imageArea imageArea-478\" role=\"presentation\">\n<div class=\"ms-Image ms-Persona-image image-626\"><img decoding=\"async\" class=\"ms-Image-image is-loaded ms-Image-image--cover ms-Image-image--portrait image-411\" src=\"blob:https:\/\/outlook.office365.com\/42e194bf-edac-46ec-88a6-d2855234c4f2\" alt=\"\" \/><\/div>\n<\/div>\n<\/div>\n<\/div>\n<div class=\"jmmB7 Ts94W allowTextSelection\">\n<div class=\"c7KoH\"><\/div>\n<\/div>\n<\/div>\n<\/div>\n<\/div>\n<p>[\/vc_column_text][\/vc_column_inner][\/vc_row_inner][\/vc_column][\/vc_row][\/vc_section]<\/p>\n<\/div>","protected":false},"excerpt":{"rendered":"<p>El d\u00eda 27 de septiembre te invitamos a disfrutar de una nueva edici\u00f3n del AI &#038; Big Data Congress en el Auditorio AXA de Barcelona. Joan Mas, director de CIDAI, dar\u00e1 la bienvenida y explicar\u00e1 lo que es CIDAI, cu\u00e1les son sus objetivos, \u00e1mbitos de actuaci\u00f3n, etc.<\/p>\n","protected":false},"author":5,"featured_media":59140,"comment_status":"closed","ping_status":"closed","sticky":false,"template":"","format":"standard","meta":{"footnotes":""},"categories":[523],"tags":[],"class_list":["post-60873","post","type-post","status-publish","format-standard","has-post-thumbnail","hentry","category-sin-categorizar","category-523","description-off"],"yoast_head":"<!-- This site is optimized with the Yoast SEO plugin v28.3 - https:\/\/yoast.com\/product\/yoast-seo-wordpress\/ -->\n<title>09.00h a 09.15h Bienvenida - AI Congress<\/title>\n<meta name=\"robots\" content=\"index, follow, max-snippet:-1, max-image-preview:large, max-video-preview:-1\" \/>\n<link rel=\"canonical\" href=\"https:\/\/aicongress.barcelona\/es\/presentcidai\/\" \/>\n<meta property=\"og:locale\" content=\"es_ES\" \/>\n<meta property=\"og:type\" content=\"article\" \/>\n<meta property=\"og:title\" content=\"09.00h a 09.15h Bienvenida - AI Congress\" \/>\n<meta property=\"og:description\" content=\"El d\u00eda 27 de septiembre te invitamos a disfrutar de una nueva edici\u00f3n del AI &amp; Big Data Congress en el Auditorio AXA de Barcelona. Joan Mas, director de CIDAI, dar\u00e1 la bienvenida y explicar\u00e1 lo que es CIDAI, cu\u00e1les son sus objetivos, \u00e1mbitos de actuaci\u00f3n, etc.\" \/>\n<meta property=\"og:url\" content=\"https:\/\/aicongress.barcelona\/es\/presentcidai\/\" \/>\n<meta property=\"og:site_name\" content=\"AI Congress\" \/>\n<meta property=\"article:published_time\" content=\"2023-04-26T09:25:39+00:00\" \/>\n<meta property=\"article:modified_time\" content=\"2024-05-23T10:48:04+00:00\" \/>\n<meta property=\"og:image\" content=\"https:\/\/aicongress.barcelona\/wp-content\/uploads\/2016\/09\/AI-Big-Data-Congress-evento-Inteligencia-Artificial-beneficios-innovacion-Eurecat-noticia-bit-life-media.jpg\" \/>\n\t<meta property=\"og:image:width\" content=\"630\" \/>\n\t<meta property=\"og:image:height\" content=\"382\" \/>\n\t<meta property=\"og:image:type\" content=\"image\/jpeg\" \/>\n<meta name=\"author\" content=\"andrea.rius\" \/>\n<meta name=\"twitter:card\" content=\"summary_large_image\" \/>\n<meta name=\"twitter:label1\" content=\"Escrito por\" \/>\n\t<meta name=\"twitter:data1\" content=\"andrea.rius\" \/>\n\t<meta name=\"twitter:label2\" content=\"Tiempo de lectura\" \/>\n\t<meta name=\"twitter:data2\" content=\"4 minutos\" \/>\n<script type=\"application\/ld+json\" class=\"yoast-schema-graph\">{\"@context\":\"https:\\\/\\\/schema.org\",\"@graph\":[{\"@type\":\"Article\",\"@id\":\"https:\\\/\\\/aicongress.barcelona\\\/es\\\/presentcidai\\\/#article\",\"isPartOf\":{\"@id\":\"https:\\\/\\\/aicongress.barcelona\\\/es\\\/presentcidai\\\/\"},\"author\":{\"name\":\"andrea.rius\",\"@id\":\"https:\\\/\\\/aicongress.barcelona\\\/en\\\/#\\\/schema\\\/person\\\/ddf2dec255b6a20bca16c82243f2980d\"},\"headline\":\"09.00h a 09.15h Bienvenida\",\"datePublished\":\"2023-04-26T09:25:39+00:00\",\"dateModified\":\"2024-05-23T10:48:04+00:00\",\"mainEntityOfPage\":{\"@id\":\"https:\\\/\\\/aicongress.barcelona\\\/es\\\/presentcidai\\\/\"},\"wordCount\":625,\"image\":{\"@id\":\"https:\\\/\\\/aicongress.barcelona\\\/es\\\/presentcidai\\\/#primaryimage\"},\"thumbnailUrl\":\"https:\\\/\\\/aicongress.barcelona\\\/wp-content\\\/uploads\\\/2016\\\/09\\\/AI-Big-Data-Congress-evento-Inteligencia-Artificial-beneficios-innovacion-Eurecat-noticia-bit-life-media.jpg\",\"articleSection\":[\"Sin categorizar\"],\"inLanguage\":\"es\"},{\"@type\":\"WebPage\",\"@id\":\"https:\\\/\\\/aicongress.barcelona\\\/es\\\/presentcidai\\\/\",\"url\":\"https:\\\/\\\/aicongress.barcelona\\\/es\\\/presentcidai\\\/\",\"name\":\"09.00h a 09.15h Bienvenida - AI Congress\",\"isPartOf\":{\"@id\":\"https:\\\/\\\/aicongress.barcelona\\\/en\\\/#website\"},\"primaryImageOfPage\":{\"@id\":\"https:\\\/\\\/aicongress.barcelona\\\/es\\\/presentcidai\\\/#primaryimage\"},\"image\":{\"@id\":\"https:\\\/\\\/aicongress.barcelona\\\/es\\\/presentcidai\\\/#primaryimage\"},\"thumbnailUrl\":\"https:\\\/\\\/aicongress.barcelona\\\/wp-content\\\/uploads\\\/2016\\\/09\\\/AI-Big-Data-Congress-evento-Inteligencia-Artificial-beneficios-innovacion-Eurecat-noticia-bit-life-media.jpg\",\"datePublished\":\"2023-04-26T09:25:39+00:00\",\"dateModified\":\"2024-05-23T10:48:04+00:00\",\"author\":{\"@id\":\"https:\\\/\\\/aicongress.barcelona\\\/en\\\/#\\\/schema\\\/person\\\/ddf2dec255b6a20bca16c82243f2980d\"},\"breadcrumb\":{\"@id\":\"https:\\\/\\\/aicongress.barcelona\\\/es\\\/presentcidai\\\/#breadcrumb\"},\"inLanguage\":\"es\",\"potentialAction\":[{\"@type\":\"ReadAction\",\"target\":[\"https:\\\/\\\/aicongress.barcelona\\\/es\\\/presentcidai\\\/\"]}]},{\"@type\":\"ImageObject\",\"inLanguage\":\"es\",\"@id\":\"https:\\\/\\\/aicongress.barcelona\\\/es\\\/presentcidai\\\/#primaryimage\",\"url\":\"https:\\\/\\\/aicongress.barcelona\\\/wp-content\\\/uploads\\\/2016\\\/09\\\/AI-Big-Data-Congress-evento-Inteligencia-Artificial-beneficios-innovacion-Eurecat-noticia-bit-life-media.jpg\",\"contentUrl\":\"https:\\\/\\\/aicongress.barcelona\\\/wp-content\\\/uploads\\\/2016\\\/09\\\/AI-Big-Data-Congress-evento-Inteligencia-Artificial-beneficios-innovacion-Eurecat-noticia-bit-life-media.jpg\",\"width\":630,\"height\":382},{\"@type\":\"BreadcrumbList\",\"@id\":\"https:\\\/\\\/aicongress.barcelona\\\/es\\\/presentcidai\\\/#breadcrumb\",\"itemListElement\":[{\"@type\":\"ListItem\",\"position\":1,\"name\":\"Home\",\"item\":\"https:\\\/\\\/aicongress.barcelona\\\/es\\\/\"},{\"@type\":\"ListItem\",\"position\":2,\"name\":\"09.00h a 09.15h Bienvenida\"}]},{\"@type\":\"WebSite\",\"@id\":\"https:\\\/\\\/aicongress.barcelona\\\/en\\\/#website\",\"url\":\"https:\\\/\\\/aicongress.barcelona\\\/en\\\/\",\"name\":\"AI Congress\",\"description\":\"\",\"potentialAction\":[{\"@type\":\"SearchAction\",\"target\":{\"@type\":\"EntryPoint\",\"urlTemplate\":\"https:\\\/\\\/aicongress.barcelona\\\/en\\\/?s={search_term_string}\"},\"query-input\":{\"@type\":\"PropertyValueSpecification\",\"valueRequired\":true,\"valueName\":\"search_term_string\"}}],\"inLanguage\":\"es\"},{\"@type\":\"Person\",\"@id\":\"https:\\\/\\\/aicongress.barcelona\\\/en\\\/#\\\/schema\\\/person\\\/ddf2dec255b6a20bca16c82243f2980d\",\"name\":\"andrea.rius\",\"image\":{\"@type\":\"ImageObject\",\"inLanguage\":\"es\",\"@id\":\"https:\\\/\\\/secure.gravatar.com\\\/avatar\\\/8dcf1c4957ebb85839e23afe56973e9aba8c50a3a64eceb1bb2fcc079f764195?s=96&d=mm&r=g\",\"url\":\"https:\\\/\\\/secure.gravatar.com\\\/avatar\\\/8dcf1c4957ebb85839e23afe56973e9aba8c50a3a64eceb1bb2fcc079f764195?s=96&d=mm&r=g\",\"contentUrl\":\"https:\\\/\\\/secure.gravatar.com\\\/avatar\\\/8dcf1c4957ebb85839e23afe56973e9aba8c50a3a64eceb1bb2fcc079f764195?s=96&d=mm&r=g\",\"caption\":\"andrea.rius\"},\"url\":\"https:\\\/\\\/aicongress.barcelona\\\/es\\\/author\\\/andrea-rius\\\/\"}]}<\/script>\n<!-- \/ Yoast SEO plugin. -->","yoast_head_json":{"title":"09.00h a 09.15h Bienvenida - AI Congress","robots":{"index":"index","follow":"follow","max-snippet":"max-snippet:-1","max-image-preview":"max-image-preview:large","max-video-preview":"max-video-preview:-1"},"canonical":"https:\/\/aicongress.barcelona\/es\/presentcidai\/","og_locale":"es_ES","og_type":"article","og_title":"09.00h a 09.15h Bienvenida - AI Congress","og_description":"El d\u00eda 27 de septiembre te invitamos a disfrutar de una nueva edici\u00f3n del AI & Big Data Congress en el Auditorio AXA de Barcelona. Joan Mas, director de CIDAI, dar\u00e1 la bienvenida y explicar\u00e1 lo que es CIDAI, cu\u00e1les son sus objetivos, \u00e1mbitos de actuaci\u00f3n, etc.","og_url":"https:\/\/aicongress.barcelona\/es\/presentcidai\/","og_site_name":"AI Congress","article_published_time":"2023-04-26T09:25:39+00:00","article_modified_time":"2024-05-23T10:48:04+00:00","og_image":[{"width":630,"height":382,"url":"https:\/\/aicongress.barcelona\/wp-content\/uploads\/2016\/09\/AI-Big-Data-Congress-evento-Inteligencia-Artificial-beneficios-innovacion-Eurecat-noticia-bit-life-media.jpg","type":"image\/jpeg"}],"author":"andrea.rius","twitter_card":"summary_large_image","twitter_misc":{"Escrito por":"andrea.rius","Tiempo de lectura":"4 minutos"},"schema":{"@context":"https:\/\/schema.org","@graph":[{"@type":"Article","@id":"https:\/\/aicongress.barcelona\/es\/presentcidai\/#article","isPartOf":{"@id":"https:\/\/aicongress.barcelona\/es\/presentcidai\/"},"author":{"name":"andrea.rius","@id":"https:\/\/aicongress.barcelona\/en\/#\/schema\/person\/ddf2dec255b6a20bca16c82243f2980d"},"headline":"09.00h a 09.15h Bienvenida","datePublished":"2023-04-26T09:25:39+00:00","dateModified":"2024-05-23T10:48:04+00:00","mainEntityOfPage":{"@id":"https:\/\/aicongress.barcelona\/es\/presentcidai\/"},"wordCount":625,"image":{"@id":"https:\/\/aicongress.barcelona\/es\/presentcidai\/#primaryimage"},"thumbnailUrl":"https:\/\/aicongress.barcelona\/wp-content\/uploads\/2016\/09\/AI-Big-Data-Congress-evento-Inteligencia-Artificial-beneficios-innovacion-Eurecat-noticia-bit-life-media.jpg","articleSection":["Sin categorizar"],"inLanguage":"es"},{"@type":"WebPage","@id":"https:\/\/aicongress.barcelona\/es\/presentcidai\/","url":"https:\/\/aicongress.barcelona\/es\/presentcidai\/","name":"09.00h a 09.15h Bienvenida - AI Congress","isPartOf":{"@id":"https:\/\/aicongress.barcelona\/en\/#website"},"primaryImageOfPage":{"@id":"https:\/\/aicongress.barcelona\/es\/presentcidai\/#primaryimage"},"image":{"@id":"https:\/\/aicongress.barcelona\/es\/presentcidai\/#primaryimage"},"thumbnailUrl":"https:\/\/aicongress.barcelona\/wp-content\/uploads\/2016\/09\/AI-Big-Data-Congress-evento-Inteligencia-Artificial-beneficios-innovacion-Eurecat-noticia-bit-life-media.jpg","datePublished":"2023-04-26T09:25:39+00:00","dateModified":"2024-05-23T10:48:04+00:00","author":{"@id":"https:\/\/aicongress.barcelona\/en\/#\/schema\/person\/ddf2dec255b6a20bca16c82243f2980d"},"breadcrumb":{"@id":"https:\/\/aicongress.barcelona\/es\/presentcidai\/#breadcrumb"},"inLanguage":"es","potentialAction":[{"@type":"ReadAction","target":["https:\/\/aicongress.barcelona\/es\/presentcidai\/"]}]},{"@type":"ImageObject","inLanguage":"es","@id":"https:\/\/aicongress.barcelona\/es\/presentcidai\/#primaryimage","url":"https:\/\/aicongress.barcelona\/wp-content\/uploads\/2016\/09\/AI-Big-Data-Congress-evento-Inteligencia-Artificial-beneficios-innovacion-Eurecat-noticia-bit-life-media.jpg","contentUrl":"https:\/\/aicongress.barcelona\/wp-content\/uploads\/2016\/09\/AI-Big-Data-Congress-evento-Inteligencia-Artificial-beneficios-innovacion-Eurecat-noticia-bit-life-media.jpg","width":630,"height":382},{"@type":"BreadcrumbList","@id":"https:\/\/aicongress.barcelona\/es\/presentcidai\/#breadcrumb","itemListElement":[{"@type":"ListItem","position":1,"name":"Home","item":"https:\/\/aicongress.barcelona\/es\/"},{"@type":"ListItem","position":2,"name":"09.00h a 09.15h Bienvenida"}]},{"@type":"WebSite","@id":"https:\/\/aicongress.barcelona\/en\/#website","url":"https:\/\/aicongress.barcelona\/en\/","name":"AI Congress","description":"","potentialAction":[{"@type":"SearchAction","target":{"@type":"EntryPoint","urlTemplate":"https:\/\/aicongress.barcelona\/en\/?s={search_term_string}"},"query-input":{"@type":"PropertyValueSpecification","valueRequired":true,"valueName":"search_term_string"}}],"inLanguage":"es"},{"@type":"Person","@id":"https:\/\/aicongress.barcelona\/en\/#\/schema\/person\/ddf2dec255b6a20bca16c82243f2980d","name":"andrea.rius","image":{"@type":"ImageObject","inLanguage":"es","@id":"https:\/\/secure.gravatar.com\/avatar\/8dcf1c4957ebb85839e23afe56973e9aba8c50a3a64eceb1bb2fcc079f764195?s=96&d=mm&r=g","url":"https:\/\/secure.gravatar.com\/avatar\/8dcf1c4957ebb85839e23afe56973e9aba8c50a3a64eceb1bb2fcc079f764195?s=96&d=mm&r=g","contentUrl":"https:\/\/secure.gravatar.com\/avatar\/8dcf1c4957ebb85839e23afe56973e9aba8c50a3a64eceb1bb2fcc079f764195?s=96&d=mm&r=g","caption":"andrea.rius"},"url":"https:\/\/aicongress.barcelona\/es\/author\/andrea-rius\/"}]}},"_links":{"self":[{"href":"https:\/\/aicongress.barcelona\/es\/wp-json\/wp\/v2\/posts\/60873","targetHints":{"allow":["GET"]}}],"collection":[{"href":"https:\/\/aicongress.barcelona\/es\/wp-json\/wp\/v2\/posts"}],"about":[{"href":"https:\/\/aicongress.barcelona\/es\/wp-json\/wp\/v2\/types\/post"}],"author":[{"embeddable":true,"href":"https:\/\/aicongress.barcelona\/es\/wp-json\/wp\/v2\/users\/5"}],"replies":[{"embeddable":true,"href":"https:\/\/aicongress.barcelona\/es\/wp-json\/wp\/v2\/comments?post=60873"}],"version-history":[{"count":3,"href":"https:\/\/aicongress.barcelona\/es\/wp-json\/wp\/v2\/posts\/60873\/revisions"}],"predecessor-version":[{"id":65176,"href":"https:\/\/aicongress.barcelona\/es\/wp-json\/wp\/v2\/posts\/60873\/revisions\/65176"}],"wp:featuredmedia":[{"embeddable":true,"href":"https:\/\/aicongress.barcelona\/es\/wp-json\/wp\/v2\/media\/59140"}],"wp:attachment":[{"href":"https:\/\/aicongress.barcelona\/es\/wp-json\/wp\/v2\/media?parent=60873"}],"wp:term":[{"taxonomy":"category","embeddable":true,"href":"https:\/\/aicongress.barcelona\/es\/wp-json\/wp\/v2\/categories?post=60873"},{"taxonomy":"post_tag","embeddable":true,"href":"https:\/\/aicongress.barcelona\/es\/wp-json\/wp\/v2\/tags?post=60873"}],"curies":[{"name":"wp","href":"https:\/\/api.w.org\/{rel}","templated":true}]}}