{"id":65012,"date":"2024-05-21T10:31:41","date_gmt":"2024-05-21T09:31:41","guid":{"rendered":"https:\/\/aicongress.barcelona\/explicabilitat-avencos-en-models-de-caixa-negra\/"},"modified":"2024-07-30T12:45:32","modified_gmt":"2024-07-30T11:45:32","slug":"explicabilidad-avances-en-modelos-de-caja-negra","status":"publish","type":"post","link":"https:\/\/aicongress.barcelona\/es\/explicabilidad-avances-en-modelos-de-caja-negra\/","title":{"rendered":"10.00h a 10.30h <br>EXPLICABILIDAD: AVANCES EN MODELOS DE CAJA NEGRA"},"content":{"rendered":"<div class=\"wpb-content-wrapper\"><p>[vc_section][vc_row css=\u00bb.vc_custom_1681910300131{padding-bottom: 30px !important;}\u00bb][vc_column]<div id=\"ultimate-heading-5046a97ebd9918cf\" class=\"uvc-heading ult-adjust-bottom-margin ultimate-heading-5046a97ebd9918cf uvc-5677  uvc-heading-default-font-sizes\" data-hspacer=\"line_only\"  data-halign=\"left\" style=\"text-align:left\"><div class=\"uvc-main-heading ult-responsive\"  data-ultimate-target='.uvc-heading.ultimate-heading-5046a97ebd9918cf h2'  data-responsive-json-new='{\"font-size\":\"\",\"line-height\":\"\"}' ><h2 style=\"--font-weight:theme;color:#4383ce;\">EXPLICABILIDAD: AVANCES EN MODELOS DE CAJA NEGRA<\/h2><\/div><div class=\"uvc-heading-spacer line_only\" style=\"topheight:1px;\"><span class=\"uvc-headings-line\" style=\"border-style:solid;border-bottom-width:1px;border-color:#4383ce;width:100px;\"><\/span><\/div><div class=\"uvc-sub-heading ult-responsive\"  data-ultimate-target='.uvc-heading.ultimate-heading-5046a97ebd9918cf .uvc-sub-heading '  data-responsive-json-new='{\"font-size\":\"\",\"line-height\":\"\"}'  style=\"font-weight:normal;\"><\/p>\n<h3><strong>10 octubre 2024 | 10.00<\/strong><strong>h a 10.30h | Sala 1<\/strong><\/h3>\n<p><\/div><\/div>[\/vc_column][\/vc_row][vc_row full_width=\u00bbstretch_row\u00bb bg_type=\u00bbbg_color\u00bb bg_color_value=\u00bb#ededed\u00bb css=\u00bb.vc_custom_1681913912294{padding-top: 30px !important;padding-bottom: 30px !important;}\u00bb][vc_column][vc_row_inner][vc_column_inner][vc_column_text css=\u00bb\u00bb]<\/p>\n<h4>La explicabilidad es un aspecto crucial de la IA, especialmente en <strong>la evaluaci\u00f3n de resultados obtenidos con modelos de caja negra <\/strong>que suelen ser dif\u00edciles de comprender e interpretar, debido a una complejidad interna que a menudo permanece oculta.<\/h4>\n<h4>Para conseguir una adopci\u00f3n a escala de las soluciones basadas en IA, es necesario construir una relaci\u00f3n de confianza con el usuario. La explicabilidad de la IA es un elemento clave en esta relaci\u00f3n, puesto que permite dilucidar las decisiones que toman los modelos y ofrece informaci\u00f3n complementaria de valor. Asimismo, es un elemento crucial para obtener algoritmos auditables.<\/h4>\n<h4>En esta sesi\u00f3n veremos <strong>los \u00faltimos desarrollos y ejemplos de t\u00e9cnicas que profundizan en la explicabilidad de la IA<\/strong> <strong>con el objetivo de avanzar hacia un uso fiable y cada vez menos opaco.<\/strong><\/h4>\n<h4><strong>Presenta:<\/strong><\/h4>\n<ul>\n<li>\n<h4>Nuria Martinez, Responsable de comunicaci\u00f3n y marketing, CVC<\/h4>\n<\/li>\n<\/ul>\n<h4><strong>Participan:<\/strong><\/h4>\n<ul>\n<li>\n<h4>Toni Manzano, CSO and co-founder, Aizon<\/h4>\n<\/li>\n<li>\n<h4>Vasja Urbancic, Lead Data Scientist, \u00a0Intelygenz a VASS Company<\/h4>\n<\/li>\n<\/ul>\n<p>[\/vc_column_text][\/vc_column_inner][\/vc_row_inner][\/vc_column][\/vc_row][vc_row][vc_column][vc_empty_space]<div id=\"ultimate-heading-29486a97ebd991a09\" class=\"uvc-heading ult-adjust-bottom-margin ultimate-heading-29486a97ebd991a09 uvc-4468  uvc-heading-default-font-sizes\" data-hspacer=\"line_only\"  data-halign=\"left\" style=\"text-align:left\"><div class=\"uvc-main-heading ult-responsive\"  data-ultimate-target='.uvc-heading.ultimate-heading-29486a97ebd991a09 h2'  data-responsive-json-new='{\"font-size\":\"\",\"line-height\":\"\"}' ><h2 style=\"--font-weight:theme;color:#4383ce;\">Ponentes<\/h2><\/div><div class=\"uvc-heading-spacer line_only\" style=\"topheight:1px;\"><span class=\"uvc-headings-line\" style=\"border-style:solid;border-bottom-width:1px;border-color:#4383ce;width:100px;\"><\/span><\/div><\/div>[\/vc_column][\/vc_row][vc_row full_width=\u00bbstretch_row\u00bb bg_type=\u00bbbg_color\u00bb bg_color_value=\u00bb#ffffff\u00bb css=\u00bb.vc_custom_1683718841357{padding-top: 30px !important;padding-bottom: 30px !important;}\u00bb][vc_column][vc_row_inner][vc_column_inner width=\u00bb1\/4&#8243;][vc_empty_space][vc_single_image image=\u00bb65008&#8243; img_size=\u00bbfull\u00bb css=\u00bb\u00bb][vc_empty_space][vc_column_text css=\u00bb\u00bb]<\/p>\n<p style=\"text-align: center;\"><strong><a href=\"https:\/\/www.aizon.ai\/\" target=\"_blank\" rel=\"noopener\">www.aizon.ai<\/a><\/strong><\/p>\n<p>[\/vc_column_text][\/vc_column_inner][vc_column_inner width=\u00bb3\/4&#8243;][vc_empty_space]<div id=\"ultimate-heading-30746a97ebd991b03\" class=\"uvc-heading ult-adjust-bottom-margin ultimate-heading-30746a97ebd991b03 uvc-2673  uvc-heading-default-font-sizes\" data-hspacer=\"line_only\"  data-halign=\"left\" style=\"text-align:left\"><div class=\"uvc-main-heading ult-responsive\"  data-ultimate-target='.uvc-heading.ultimate-heading-30746a97ebd991b03 h2'  data-responsive-json-new='{\"font-size\":\"\",\"line-height\":\"\"}' ><h2 style=\"--font-weight:theme;\">TONI MANZANO<\/h2><\/div><div class=\"uvc-heading-spacer line_only\" style=\"topheight:1px;\"><span class=\"uvc-headings-line\" style=\"border-style:solid;border-bottom-width:1px;border-color:#4383ce;width:100px;\"><\/span><\/div><div class=\"uvc-sub-heading ult-responsive\"  data-ultimate-target='.uvc-heading.ultimate-heading-30746a97ebd991b03 .uvc-sub-heading '  data-responsive-json-new='{\"font-size\":\"\",\"line-height\":\"\"}'  style=\"font-weight:normal;\"><\/p>\n<h4>CSO and co-founder, Aizon<\/h4>\n<p><\/div><\/div>[vc_column_text css=\u00bb\u00bb]Es el cofundador y CSO de Aizon, una empresa en la nube que proporciona una plataforma SaaS de IA para la industria biotecnol\u00f3gica y farmac\u00e9utica. Es miembro del Consejo Asesor de Asuntos Reguladores y Calidad de la PDA, colaborador activo en la iniciativa de IA para AFDO e imparte asignaturas de IA en la Universidad (URV y OBS), experto de Naciones Unidas en temas de IA para Ciencias de la Vida. Ha escrito numerosos art\u00edculos en el \u00e1mbito farmac\u00e9utico y posee una docena de patentes internacionales relacionadas con el cifrado, la transmisi\u00f3n, el almacenamiento y el procesamiento de grandes vol\u00famenes de datos para entornos regulados en la nube. Toni es F\u00edsico, M\u00e1ster en Sociedad de la Informaci\u00f3n y el Conocimiento y Postgrado en Sistemas de Calidad para la fabricaci\u00f3n y la investigaci\u00f3n de procesos farmac\u00e9uticos.[\/vc_column_text][vc_empty_space]<div id=\"ultimate-heading-60656a97ebd991be1\" class=\"uvc-heading ult-adjust-bottom-margin ultimate-heading-60656a97ebd991be1 uvc-6645  uvc-heading-default-font-sizes\" data-hspacer=\"no_spacer\"  data-halign=\"left\" style=\"text-align:left\"><div class=\"uvc-heading-spacer no_spacer\" style=\"top\"><\/div><div class=\"uvc-main-heading ult-responsive\"  data-ultimate-target='.uvc-heading.ultimate-heading-60656a97ebd991be1 h4'  data-responsive-json-new='{\"font-size\":\"\",\"line-height\":\"\"}' ><h4 style=\"--font-weight:theme;color:#4383ce;\">IA en productos biofarmac\u00e9uticos: cuando la explicabilidad del modelo se convierte en un requisito<\/h4><\/div><\/div>[vc_empty_space][vc_column_text css=\u00bb\u00bb]La industria farmac\u00e9utica ha sido siempre muy conservadora, en parte debido a la regulaci\u00f3n que obliga a disponer de elevados niveles de calidad en el producto final. Pero la implementaci\u00f3n de IA en procesos industriales requiere robustez y alta disponibilidad y por ese motivo, el cloud se presenta como una alternativa potente para dar respuesta a los requerimientos industriales. Por otro lado, la regulaci\u00f3n existente no acepta la interpretaci\u00f3n de los modelos de IA como \u00abcajas negras\u00bb y todo el proceso debe estar validado. La utilizaci\u00f3n de est\u00e1ndares como ONNX para la gesti\u00f3n de modelos de IA en el cloud ha resultado clave para alinear los requerimientos regulatorios con la alta disponibilidad de los outputs de los modelos en entornos industriales.[\/vc_column_text][\/vc_column_inner][\/vc_row_inner][\/vc_column][\/vc_row][vc_row full_width=\u00bbstretch_row\u00bb bg_type=\u00bbbg_color\u00bb bg_color_value=\u00bb#ffffff\u00bb css=\u00bb.vc_custom_1683718841357{padding-top: 30px !important;padding-bottom: 30px !important;}\u00bb][vc_column][vc_row_inner][vc_column_inner width=\u00bb1\/4&#8243;][vc_empty_space][vc_single_image image=\u00bb65988&#8243; img_size=\u00bbfull\u00bb css=\u00bb\u00bb][vc_empty_space][vc_column_text css=\u00bb\u00bb]<\/p>\n<p style=\"text-align: center;\"><strong><a href=\"https:\/\/intelygenz.com\" target=\"_blank\" rel=\"noopener\">intelygenz.com<\/a><\/strong><\/p>\n<p>[\/vc_column_text][\/vc_column_inner][vc_column_inner width=\u00bb3\/4&#8243;][vc_empty_space]<div id=\"ultimate-heading-67116a97ebd991ccc\" class=\"uvc-heading ult-adjust-bottom-margin ultimate-heading-67116a97ebd991ccc uvc-210  uvc-heading-default-font-sizes\" data-hspacer=\"line_only\"  data-halign=\"left\" style=\"text-align:left\"><div class=\"uvc-main-heading ult-responsive\"  data-ultimate-target='.uvc-heading.ultimate-heading-67116a97ebd991ccc h2'  data-responsive-json-new='{\"font-size\":\"\",\"line-height\":\"\"}' ><h2 style=\"--font-weight:theme;\">VASJA URBANCIC<\/h2><\/div><div class=\"uvc-heading-spacer line_only\" style=\"topheight:1px;\"><span class=\"uvc-headings-line\" style=\"border-style:solid;border-bottom-width:1px;border-color:#4383ce;width:100px;\"><\/span><\/div><div class=\"uvc-sub-heading ult-responsive\"  data-ultimate-target='.uvc-heading.ultimate-heading-67116a97ebd991ccc .uvc-sub-heading '  data-responsive-json-new='{\"font-size\":\"\",\"line-height\":\"\"}'  style=\"font-weight:normal;\"><\/p>\n<h4>Lead Data Scientist, Intelygenz a VASS Company<\/h4>\n<p><\/div><\/div>[vc_column_text css=\u00bb\u00bb]Vasja tiene una formaci\u00f3n acad\u00e9mica en ciencias de la vida, habiendo estudiado Biolog\u00eda Molecular en la Universidad de Bath y completado su doctorado y postdoc en Neurobiolog\u00eda del Desarrollo en la Universidad de Cambridge, estudiando los procesos de desarrollo implicados en la construcci\u00f3n de redes neuronales biol\u00f3gicas . Vasja empez\u00f3 su carrera en ciencia de datos en 2016, primero completando el programa de formaci\u00f3n en ciencia de datos S2DS en Londres (a\u00f1o 2017) y trabajando en Data Science en una empresa de consultor\u00eda (Tessella) de 2018 a 2019. Ha sido en Intelygenz desde 2019, trabajando en una variedad diversa de proyectos que abarcan el procesamiento del lenguaje natural, la visi\u00f3n por computador y la generaci\u00f3n de im\u00e1genes. En los \u00faltimos 18 meses, ha trabajado para un cliente del sector fintech ayudando a construir una soluci\u00f3n para detectar y prevenir transacciones fraudulentas en tiempo real.[\/vc_column_text][vc_empty_space]<div id=\"ultimate-heading-75706a97ebd991dbc\" class=\"uvc-heading ult-adjust-bottom-margin ultimate-heading-75706a97ebd991dbc uvc-4740  uvc-heading-default-font-sizes\" data-hspacer=\"no_spacer\"  data-halign=\"left\" style=\"text-align:left\"><div class=\"uvc-heading-spacer no_spacer\" style=\"top\"><\/div><div class=\"uvc-main-heading ult-responsive\"  data-ultimate-target='.uvc-heading.ultimate-heading-75706a97ebd991dbc h4'  data-responsive-json-new='{\"font-size\":\"\",\"line-height\":\"\"}' ><h4 style=\"--font-weight:theme;color:#4383ce;\">Fraud AI: Una soluci\u00f3n eficaz e interpretable para la detecci\u00f3n de fraudes<\/h4><\/div><\/div>[vc_empty_space][vc_column_text css=\u00bb\u00bb]Hemos implementado una soluci\u00f3n de detecci\u00f3n de fraude altamente eficaz para una importante instituci\u00f3n fintech. Los retos t\u00e9cnicos implicados han incluido la exigencia de cubrir un volumen elevado de transacciones (millones al d\u00eda, hasta 150 por segundo) a una latencia muy baja para permitir al cliente utilizar la soluci\u00f3n para la prevenci\u00f3n del fraude en tiempo real en el momento de la transacci\u00f3n. La implementaci\u00f3n de esta soluci\u00f3n requiri\u00f3 precalcular un gran n\u00famero de funciones interpretables basadas en transacciones anteriores de las cuentas de clientes y comerciantes involucradas en la transacci\u00f3n. Adem\u00e1s, era muy importante que la soluci\u00f3n no se presentara como caja negra, sino que ofreciera explicabilidad de predicci\u00f3n, es decir, la importancia de las caracter\u00edsticas que contribuyen individualmente, no s\u00f3lo a escala global (conjunto de datos), sino tambi\u00e9n a escala local, espec\u00edficas de cada transacci\u00f3n. Por esta raz\u00f3n, hemos utilizado una combinaci\u00f3n de un algoritmo basado en \u00e1rboles de aumento de gradiente de alto rendimiento y m\u00e9todos de interpretaci\u00f3n post-hoc basados en valores SHAP.[\/vc_column_text][\/vc_column_inner][\/vc_row_inner][\/vc_column][\/vc_row][vc_row][vc_column][vc_empty_space]<div id=\"ultimate-heading-92676a97ebd991e9e\" class=\"uvc-heading ult-adjust-bottom-margin ultimate-heading-92676a97ebd991e9e uvc-1397  uvc-heading-default-font-sizes\" data-hspacer=\"line_only\"  data-halign=\"left\" style=\"text-align:left\"><div class=\"uvc-main-heading ult-responsive\"  data-ultimate-target='.uvc-heading.ultimate-heading-92676a97ebd991e9e h2'  data-responsive-json-new='{\"font-size\":\"\",\"line-height\":\"\"}' ><h2 style=\"--font-weight:theme;color:#4383ce;\">Presenta<\/h2><\/div><div class=\"uvc-heading-spacer line_only\" style=\"topheight:1px;\"><span class=\"uvc-headings-line\" style=\"border-style:solid;border-bottom-width:1px;border-color:#4383ce;width:100px;\"><\/span><\/div><\/div>[\/vc_column][\/vc_row][vc_row full_width=\u00bbstretch_row\u00bb bg_type=\u00bbbg_color\u00bb bg_color_value=\u00bb#ffffff\u00bb css=\u00bb.vc_custom_1683718841357{padding-top: 30px !important;padding-bottom: 30px !important;}\u00bb][vc_column][vc_row_inner][vc_column_inner width=\u00bb1\/4&#8243;][vc_empty_space][vc_single_image image=\u00bb66243&#8243; img_size=\u00bbfull\u00bb css=\u00bb\u00bb][vc_empty_space][vc_column_text css=\u00bb\u00bb]<\/p>\n<p style=\"text-align: center;\"><strong><a href=\"https:\/\/www.cvc.uab.es\/\">www.cvc.uab.cat<\/a> | <a href=\"https:\/\/www.linkedin.com\/in\/n%C3%BAria-mart%C3%ADnez-segura-978b85a5\/\">Linkedin<\/a><\/strong><\/p>\n<p>[\/vc_column_text][\/vc_column_inner][vc_column_inner width=\u00bb3\/4&#8243;][vc_empty_space]<div id=\"ultimate-heading-6586a97ebd991f81\" class=\"uvc-heading ult-adjust-bottom-margin ultimate-heading-6586a97ebd991f81 uvc-5198  uvc-heading-default-font-sizes\" data-hspacer=\"line_only\"  data-halign=\"left\" style=\"text-align:left\"><div class=\"uvc-main-heading ult-responsive\"  data-ultimate-target='.uvc-heading.ultimate-heading-6586a97ebd991f81 h2'  data-responsive-json-new='{\"font-size\":\"\",\"line-height\":\"\"}' ><h2 style=\"--font-weight:theme;\">NURIA MARTINEZ<\/h2><\/div><div class=\"uvc-heading-spacer line_only\" style=\"topheight:1px;\"><span class=\"uvc-headings-line\" style=\"border-style:solid;border-bottom-width:1px;border-color:#4383ce;width:100px;\"><\/span><\/div><div class=\"uvc-sub-heading ult-responsive\"  data-ultimate-target='.uvc-heading.ultimate-heading-6586a97ebd991f81 .uvc-sub-heading '  data-responsive-json-new='{\"font-size\":\"\",\"line-height\":\"\"}'  style=\"font-weight:normal;\"><\/p>\n<h4>Responsable de comunicaci\u00f3n y marketing, CVC<\/h4>\n<p><\/div><\/div>[vc_column_text css=\u00bb\u00bb]Nuria Mart\u00ednez es la responsable de comunicaci\u00f3n y marketing en el Centro de Visi\u00f3n por Computador (CVC). Es graduada en Periodismo y M\u00e1ster en Direcci\u00f3n de la Comunicaci\u00f3n Corporativa e institucional por la Universitat Aut\u00f2noma de Barcelona. Desde el 2017, se incorpor\u00f3 al departamento de comunicaci\u00f3n del CVC, donde ha coordinado varios proyectos de ciencia ciudadana, divulgaci\u00f3n e impacto social de la inteligencia artificial, como ExperimentAI o IA\u00e8ticaBCN. Previamente al CVC colabor\u00f3 en varios medios de comunicaci\u00f3n divulgativos como las revistas S\u00e0piens y Descobrir.[\/vc_column_text][vc_empty_space][\/vc_column_inner][\/vc_row_inner][\/vc_column][\/vc_row][\/vc_section]<\/p>\n<\/div>","protected":false},"excerpt":{"rendered":"<p>En aquesta sessi\u00f3 veurem els darrers desenvolupaments i exemples de t\u00e8cniques que aprofundeixen en l&#8217;explicabilitat de la IA amb l&#8217;objectiu d&#8217;avan\u00e7ar cap a un \u00fas fiable i cada cop menys opac.<\/p>\n","protected":false},"author":4,"featured_media":0,"comment_status":"closed","ping_status":"closed","sticky":false,"template":"","format":"standard","meta":{"footnotes":""},"categories":[523],"tags":[],"class_list":["post-65012","post","type-post","status-publish","format-standard","hentry","category-sin-categorizar","category-523","description-off"],"yoast_head":"<!-- This site is optimized with the Yoast SEO plugin v28.3 - https:\/\/yoast.com\/product\/yoast-seo-wordpress\/ -->\n<title>10.00h a 10.30h EXPLICABILIDAD: AVANCES EN MODELOS DE CAJA NEGRA - AI Congress<\/title>\n<meta name=\"description\" content=\"En esta sesi\u00f3n veremos los \u00faltimos desarrollos y ejemplos de t\u00e9cnicas que profundizan en la explicabilidad de la IA con el objetivo de avanzar hacia un uso fiable y cada vez menos opaco.\" \/>\n<meta name=\"robots\" content=\"index, follow, max-snippet:-1, max-image-preview:large, max-video-preview:-1\" \/>\n<link rel=\"canonical\" href=\"https:\/\/aicongress.barcelona\/es\/explicabilidad-avances-en-modelos-de-caja-negra\/\" \/>\n<meta property=\"og:locale\" content=\"es_ES\" \/>\n<meta property=\"og:type\" content=\"article\" \/>\n<meta property=\"og:title\" content=\"10.00h a 10.30h EXPLICABILIDAD: AVANCES EN MODELOS DE CAJA NEGRA - AI Congress\" \/>\n<meta property=\"og:description\" content=\"En esta sesi\u00f3n veremos los \u00faltimos desarrollos y ejemplos de t\u00e9cnicas que profundizan en la explicabilidad de la IA con el objetivo de avanzar hacia un uso fiable y cada vez menos opaco.\" \/>\n<meta property=\"og:url\" content=\"https:\/\/aicongress.barcelona\/es\/explicabilidad-avances-en-modelos-de-caja-negra\/\" \/>\n<meta property=\"og:site_name\" content=\"AI Congress\" \/>\n<meta property=\"article:published_time\" content=\"2024-05-21T09:31:41+00:00\" \/>\n<meta property=\"article:modified_time\" content=\"2024-07-30T11:45:32+00:00\" \/>\n<meta name=\"author\" content=\"ana.vazquez\" \/>\n<meta name=\"twitter:card\" content=\"summary_large_image\" \/>\n<meta name=\"twitter:label1\" content=\"Escrito por\" \/>\n\t<meta name=\"twitter:data1\" content=\"ana.vazquez\" \/>\n\t<meta name=\"twitter:label2\" content=\"Tiempo de lectura\" \/>\n\t<meta name=\"twitter:data2\" content=\"6 minutos\" \/>\n<script type=\"application\/ld+json\" class=\"yoast-schema-graph\">{\"@context\":\"https:\\\/\\\/schema.org\",\"@graph\":[{\"@type\":\"Article\",\"@id\":\"https:\\\/\\\/aicongress.barcelona\\\/es\\\/explicabilidad-avances-en-modelos-de-caja-negra\\\/#article\",\"isPartOf\":{\"@id\":\"https:\\\/\\\/aicongress.barcelona\\\/es\\\/explicabilidad-avances-en-modelos-de-caja-negra\\\/\"},\"author\":{\"name\":\"ana.vazquez\",\"@id\":\"https:\\\/\\\/aicongress.barcelona\\\/en\\\/#\\\/schema\\\/person\\\/8bfa1607ac68e60cf3104a34a1d75c55\"},\"headline\":\"10.00h a 10.30h EXPLICABILIDAD: AVANCES EN MODELOS DE CAJA NEGRA\",\"datePublished\":\"2024-05-21T09:31:41+00:00\",\"dateModified\":\"2024-07-30T11:45:32+00:00\",\"mainEntityOfPage\":{\"@id\":\"https:\\\/\\\/aicongress.barcelona\\\/es\\\/explicabilidad-avances-en-modelos-de-caja-negra\\\/\"},\"wordCount\":1488,\"articleSection\":[\"Sin categorizar\"],\"inLanguage\":\"es\"},{\"@type\":\"WebPage\",\"@id\":\"https:\\\/\\\/aicongress.barcelona\\\/es\\\/explicabilidad-avances-en-modelos-de-caja-negra\\\/\",\"url\":\"https:\\\/\\\/aicongress.barcelona\\\/es\\\/explicabilidad-avances-en-modelos-de-caja-negra\\\/\",\"name\":\"10.00h a 10.30h EXPLICABILIDAD: AVANCES EN MODELOS DE CAJA NEGRA - AI Congress\",\"isPartOf\":{\"@id\":\"https:\\\/\\\/aicongress.barcelona\\\/en\\\/#website\"},\"datePublished\":\"2024-05-21T09:31:41+00:00\",\"dateModified\":\"2024-07-30T11:45:32+00:00\",\"author\":{\"@id\":\"https:\\\/\\\/aicongress.barcelona\\\/en\\\/#\\\/schema\\\/person\\\/8bfa1607ac68e60cf3104a34a1d75c55\"},\"description\":\"En esta sesi\u00f3n veremos los \u00faltimos desarrollos y ejemplos de t\u00e9cnicas que profundizan en la explicabilidad de la IA con el objetivo de avanzar hacia un uso fiable y cada vez menos opaco.\",\"breadcrumb\":{\"@id\":\"https:\\\/\\\/aicongress.barcelona\\\/es\\\/explicabilidad-avances-en-modelos-de-caja-negra\\\/#breadcrumb\"},\"inLanguage\":\"es\",\"potentialAction\":[{\"@type\":\"ReadAction\",\"target\":[\"https:\\\/\\\/aicongress.barcelona\\\/es\\\/explicabilidad-avances-en-modelos-de-caja-negra\\\/\"]}]},{\"@type\":\"BreadcrumbList\",\"@id\":\"https:\\\/\\\/aicongress.barcelona\\\/es\\\/explicabilidad-avances-en-modelos-de-caja-negra\\\/#breadcrumb\",\"itemListElement\":[{\"@type\":\"ListItem\",\"position\":1,\"name\":\"Home\",\"item\":\"https:\\\/\\\/aicongress.barcelona\\\/es\\\/\"},{\"@type\":\"ListItem\",\"position\":2,\"name\":\"10.00h a 10.30h EXPLICABILIDAD: AVANCES EN MODELOS DE CAJA NEGRA\"}]},{\"@type\":\"WebSite\",\"@id\":\"https:\\\/\\\/aicongress.barcelona\\\/en\\\/#website\",\"url\":\"https:\\\/\\\/aicongress.barcelona\\\/en\\\/\",\"name\":\"AI Congress\",\"description\":\"\",\"potentialAction\":[{\"@type\":\"SearchAction\",\"target\":{\"@type\":\"EntryPoint\",\"urlTemplate\":\"https:\\\/\\\/aicongress.barcelona\\\/en\\\/?s={search_term_string}\"},\"query-input\":{\"@type\":\"PropertyValueSpecification\",\"valueRequired\":true,\"valueName\":\"search_term_string\"}}],\"inLanguage\":\"es\"},{\"@type\":\"Person\",\"@id\":\"https:\\\/\\\/aicongress.barcelona\\\/en\\\/#\\\/schema\\\/person\\\/8bfa1607ac68e60cf3104a34a1d75c55\",\"name\":\"ana.vazquez\",\"image\":{\"@type\":\"ImageObject\",\"inLanguage\":\"es\",\"@id\":\"https:\\\/\\\/secure.gravatar.com\\\/avatar\\\/9710b8c39c3dcad88416134076efdc83275fc7c15ea257b3fa6d5c46323a9436?s=96&d=mm&r=g\",\"url\":\"https:\\\/\\\/secure.gravatar.com\\\/avatar\\\/9710b8c39c3dcad88416134076efdc83275fc7c15ea257b3fa6d5c46323a9436?s=96&d=mm&r=g\",\"contentUrl\":\"https:\\\/\\\/secure.gravatar.com\\\/avatar\\\/9710b8c39c3dcad88416134076efdc83275fc7c15ea257b3fa6d5c46323a9436?s=96&d=mm&r=g\",\"caption\":\"ana.vazquez\"},\"url\":\"https:\\\/\\\/aicongress.barcelona\\\/es\\\/author\\\/ana-vazquez\\\/\"}]}<\/script>\n<!-- \/ Yoast SEO plugin. -->","yoast_head_json":{"title":"10.00h a 10.30h EXPLICABILIDAD: AVANCES EN MODELOS DE CAJA NEGRA - AI Congress","description":"En esta sesi\u00f3n veremos los \u00faltimos desarrollos y ejemplos de t\u00e9cnicas que profundizan en la explicabilidad de la IA con el objetivo de avanzar hacia un uso fiable y cada vez menos opaco.","robots":{"index":"index","follow":"follow","max-snippet":"max-snippet:-1","max-image-preview":"max-image-preview:large","max-video-preview":"max-video-preview:-1"},"canonical":"https:\/\/aicongress.barcelona\/es\/explicabilidad-avances-en-modelos-de-caja-negra\/","og_locale":"es_ES","og_type":"article","og_title":"10.00h a 10.30h EXPLICABILIDAD: AVANCES EN MODELOS DE CAJA NEGRA - AI Congress","og_description":"En esta sesi\u00f3n veremos los \u00faltimos desarrollos y ejemplos de t\u00e9cnicas que profundizan en la explicabilidad de la IA con el objetivo de avanzar hacia un uso fiable y cada vez menos opaco.","og_url":"https:\/\/aicongress.barcelona\/es\/explicabilidad-avances-en-modelos-de-caja-negra\/","og_site_name":"AI Congress","article_published_time":"2024-05-21T09:31:41+00:00","article_modified_time":"2024-07-30T11:45:32+00:00","author":"ana.vazquez","twitter_card":"summary_large_image","twitter_misc":{"Escrito por":"ana.vazquez","Tiempo de lectura":"6 minutos"},"schema":{"@context":"https:\/\/schema.org","@graph":[{"@type":"Article","@id":"https:\/\/aicongress.barcelona\/es\/explicabilidad-avances-en-modelos-de-caja-negra\/#article","isPartOf":{"@id":"https:\/\/aicongress.barcelona\/es\/explicabilidad-avances-en-modelos-de-caja-negra\/"},"author":{"name":"ana.vazquez","@id":"https:\/\/aicongress.barcelona\/en\/#\/schema\/person\/8bfa1607ac68e60cf3104a34a1d75c55"},"headline":"10.00h a 10.30h EXPLICABILIDAD: AVANCES EN MODELOS DE CAJA NEGRA","datePublished":"2024-05-21T09:31:41+00:00","dateModified":"2024-07-30T11:45:32+00:00","mainEntityOfPage":{"@id":"https:\/\/aicongress.barcelona\/es\/explicabilidad-avances-en-modelos-de-caja-negra\/"},"wordCount":1488,"articleSection":["Sin categorizar"],"inLanguage":"es"},{"@type":"WebPage","@id":"https:\/\/aicongress.barcelona\/es\/explicabilidad-avances-en-modelos-de-caja-negra\/","url":"https:\/\/aicongress.barcelona\/es\/explicabilidad-avances-en-modelos-de-caja-negra\/","name":"10.00h a 10.30h EXPLICABILIDAD: AVANCES EN MODELOS DE CAJA NEGRA - AI Congress","isPartOf":{"@id":"https:\/\/aicongress.barcelona\/en\/#website"},"datePublished":"2024-05-21T09:31:41+00:00","dateModified":"2024-07-30T11:45:32+00:00","author":{"@id":"https:\/\/aicongress.barcelona\/en\/#\/schema\/person\/8bfa1607ac68e60cf3104a34a1d75c55"},"description":"En esta sesi\u00f3n veremos los \u00faltimos desarrollos y ejemplos de t\u00e9cnicas que profundizan en la explicabilidad de la IA con el objetivo de avanzar hacia un uso fiable y cada vez menos opaco.","breadcrumb":{"@id":"https:\/\/aicongress.barcelona\/es\/explicabilidad-avances-en-modelos-de-caja-negra\/#breadcrumb"},"inLanguage":"es","potentialAction":[{"@type":"ReadAction","target":["https:\/\/aicongress.barcelona\/es\/explicabilidad-avances-en-modelos-de-caja-negra\/"]}]},{"@type":"BreadcrumbList","@id":"https:\/\/aicongress.barcelona\/es\/explicabilidad-avances-en-modelos-de-caja-negra\/#breadcrumb","itemListElement":[{"@type":"ListItem","position":1,"name":"Home","item":"https:\/\/aicongress.barcelona\/es\/"},{"@type":"ListItem","position":2,"name":"10.00h a 10.30h EXPLICABILIDAD: AVANCES EN MODELOS DE CAJA NEGRA"}]},{"@type":"WebSite","@id":"https:\/\/aicongress.barcelona\/en\/#website","url":"https:\/\/aicongress.barcelona\/en\/","name":"AI Congress","description":"","potentialAction":[{"@type":"SearchAction","target":{"@type":"EntryPoint","urlTemplate":"https:\/\/aicongress.barcelona\/en\/?s={search_term_string}"},"query-input":{"@type":"PropertyValueSpecification","valueRequired":true,"valueName":"search_term_string"}}],"inLanguage":"es"},{"@type":"Person","@id":"https:\/\/aicongress.barcelona\/en\/#\/schema\/person\/8bfa1607ac68e60cf3104a34a1d75c55","name":"ana.vazquez","image":{"@type":"ImageObject","inLanguage":"es","@id":"https:\/\/secure.gravatar.com\/avatar\/9710b8c39c3dcad88416134076efdc83275fc7c15ea257b3fa6d5c46323a9436?s=96&d=mm&r=g","url":"https:\/\/secure.gravatar.com\/avatar\/9710b8c39c3dcad88416134076efdc83275fc7c15ea257b3fa6d5c46323a9436?s=96&d=mm&r=g","contentUrl":"https:\/\/secure.gravatar.com\/avatar\/9710b8c39c3dcad88416134076efdc83275fc7c15ea257b3fa6d5c46323a9436?s=96&d=mm&r=g","caption":"ana.vazquez"},"url":"https:\/\/aicongress.barcelona\/es\/author\/ana-vazquez\/"}]}},"_links":{"self":[{"href":"https:\/\/aicongress.barcelona\/es\/wp-json\/wp\/v2\/posts\/65012","targetHints":{"allow":["GET"]}}],"collection":[{"href":"https:\/\/aicongress.barcelona\/es\/wp-json\/wp\/v2\/posts"}],"about":[{"href":"https:\/\/aicongress.barcelona\/es\/wp-json\/wp\/v2\/types\/post"}],"author":[{"embeddable":true,"href":"https:\/\/aicongress.barcelona\/es\/wp-json\/wp\/v2\/users\/4"}],"replies":[{"embeddable":true,"href":"https:\/\/aicongress.barcelona\/es\/wp-json\/wp\/v2\/comments?post=65012"}],"version-history":[{"count":3,"href":"https:\/\/aicongress.barcelona\/es\/wp-json\/wp\/v2\/posts\/65012\/revisions"}],"predecessor-version":[{"id":66245,"href":"https:\/\/aicongress.barcelona\/es\/wp-json\/wp\/v2\/posts\/65012\/revisions\/66245"}],"wp:attachment":[{"href":"https:\/\/aicongress.barcelona\/es\/wp-json\/wp\/v2\/media?parent=65012"}],"wp:term":[{"taxonomy":"category","embeddable":true,"href":"https:\/\/aicongress.barcelona\/es\/wp-json\/wp\/v2\/categories?post=65012"},{"taxonomy":"post_tag","embeddable":true,"href":"https:\/\/aicongress.barcelona\/es\/wp-json\/wp\/v2\/tags?post=65012"}],"curies":[{"name":"wp","href":"https:\/\/api.w.org\/{rel}","templated":true}]}}