{"id":66330,"date":"2024-08-08T11:57:59","date_gmt":"2024-08-08T10:57:59","guid":{"rendered":"https:\/\/aicongress.barcelona\/javier-coronado-telefonica-tech\/"},"modified":"2024-09-10T10:49:21","modified_gmt":"2024-09-10T09:49:21","slug":"como-sobrevivir-al-fomo-de-la-ia-generativa-telefonica-tech","status":"publish","type":"post","link":"https:\/\/aicongress.barcelona\/es\/como-sobrevivir-al-fomo-de-la-ia-generativa-telefonica-tech\/","title":{"rendered":"13.30h a 14.00h <br>C\u00d3MO SOBREVIVIR AL FOMO DE LA IA GENERATIVA, TELEF\u00d3NICA TECH<br>"},"content":{"rendered":"<div class=\"wpb-content-wrapper\"><p>[vc_section][vc_row][vc_column]<div id=\"ultimate-heading-10316a97ec6eb06b3\" class=\"uvc-heading ult-adjust-bottom-margin ultimate-heading-10316a97ec6eb06b3 uvc-6794  uvc-heading-default-font-sizes\" data-hspacer=\"line_only\"  data-halign=\"left\" style=\"text-align:left\"><div class=\"uvc-main-heading ult-responsive\"  data-ultimate-target='.uvc-heading.ultimate-heading-10316a97ec6eb06b3 h2'  data-responsive-json-new='{\"font-size\":\"\",\"line-height\":\"\"}' ><h2 style=\"--font-weight:theme;\">C\u00f3mo sobrevivir al FOMO de la IA Generativa<\/h2><\/div><div class=\"uvc-heading-spacer line_only\" style=\"topheight:1px;\"><span class=\"uvc-headings-line\" style=\"border-style:solid;border-bottom-width:1px;border-color:#4383ce;width:100px;\"><\/span><\/div><div class=\"uvc-sub-heading ult-responsive\"  data-ultimate-target='.uvc-heading.ultimate-heading-10316a97ec6eb06b3 .uvc-sub-heading '  data-responsive-json-new='{\"font-size\":\"\",\"line-height\":\"\"}'  style=\"font-weight:normal;\"><\/p>\n<h3><strong>9 octubre 2024 | 13.30h a 14.00h<\/strong><\/h3>\n<p><\/div><\/div>[vc_empty_space][\/vc_column][\/vc_row][vc_row full_width=\u00bbstretch_row\u00bb bg_type=\u00bbbg_color\u00bb bg_color_value=\u00bb#ededed\u00bb][vc_column][vc_row_inner][vc_column_inner][vc_column_text css=\u00bb\u00bb]<\/p>\n<h5><\/h5>\n<h5>La ansiedad que sientes con la IA Generativa no es solo cosa tuya: Langchain saca una versi\u00f3n cada 24 o 48h, cada semana se lanza el mejor LLM del mundo, todos los hiperescalares parecen ser la \u00fanica opci\u00f3n sensata para lo que quieres hacer&#8230;<\/h5>\n<h5>En este vuelo hipers\u00f3nico de la IAG, es dif\u00edcil distinguir lo disruptivo de lo distractivo, pero no debemos olvidar que la tecnolog\u00eda no es m\u00e1s que una herramienta, y que el centro de esta revoluci\u00f3n es lo que se puede hacer y lo que puede resolver, no con qu\u00e9.<\/h5>\n<p>[\/vc_column_text][\/vc_column_inner][\/vc_row_inner][vc_empty_space][\/vc_column][\/vc_row][vc_row css=\u00bb.vc_custom_1684329865705{padding-top: 40px !important;}\u00bb][vc_column][vc_row_inner][vc_column_inner width=\u00bb1\/4&#8243;][vc_single_image image=\u00bb66339&#8243; img_size=\u00bbfull\u00bb css=\u00bb\u00bb][vc_empty_space][vc_column_text css=\u00bb\u00bb]<\/p>\n<p style=\"text-align: center;\"><strong><a href=\"https:\/\/telefonicatech.com\/\">www.telefonicatech.com<\/a> | <a href=\"https:\/\/www.linkedin.com\/in\/javier-coronado-blazquez\/\" target=\"_blank\" rel=\"noopener\">Linkedin<\/a><\/strong><\/p>\n<p>[\/vc_column_text][\/vc_column_inner][vc_column_inner width=\u00bb3\/4&#8243;]<div id=\"ultimate-heading-19156a97ec6eb082d\" class=\"uvc-heading ult-adjust-bottom-margin ultimate-heading-19156a97ec6eb082d uvc-6929  uvc-heading-default-font-sizes\" data-hspacer=\"line_only\"  data-halign=\"left\" style=\"text-align:left\"><div class=\"uvc-main-heading ult-responsive\"  data-ultimate-target='.uvc-heading.ultimate-heading-19156a97ec6eb082d h2'  data-responsive-json-new='{\"font-size\":\"\",\"line-height\":\"\"}' ><h2 style=\"--font-weight:theme;\">Javier Coronado<\/h2><\/div><div class=\"uvc-heading-spacer line_only\" style=\"topheight:1px;\"><span class=\"uvc-headings-line\" style=\"border-style:solid;border-bottom-width:1px;border-color:#4383ce;width:100px;\"><\/span><\/div><div class=\"uvc-sub-heading ult-responsive\"  data-ultimate-target='.uvc-heading.ultimate-heading-19156a97ec6eb082d .uvc-sub-heading '  data-responsive-json-new='{\"font-size\":\"\",\"line-height\":\"\"}'  style=\"font-weight:normal;\"><\/p>\n<h3>Senior Data Scientist, Telef\u00f3nica Tech<\/h3>\n<h3><\/h3>\n<p><\/div><\/div>[vc_column_text css=\u00bb\u00bb]Doctor en F\u00edsica Te\u00f3rica por la Universidad Aut\u00f3noma de Madrid especializado en Data Science y Machine Learning. Pas\u00f3 de investigar materia oscura y rayos gamma a ser un adicto a los datos y su visualizaci\u00f3n. Actualmente, es parte del equipo de AI &amp; Analytics de Telef\u00f3nica Tech, trabajando como Data Scientist y formador en transformaci\u00f3n digital de empresas.<\/p>\n<div class=\"aVla3\">\n<div class=\"\">\n<div class=\"GjFKx isFirstCard\" tabindex=\"-1\">\n<div class=\"jmmB7 Ts94W allowTextSelection\">\n<div class=\"c7KoH\"><\/div>\n<\/div>\n<\/div>\n<\/div>\n<\/div>\n<p>[\/vc_column_text][\/vc_column_inner][\/vc_row_inner][\/vc_column][\/vc_row][vc_row css=\u00bb.vc_custom_1684329865705{padding-top: 40px !important;}\u00bb][vc_column][vc_row_inner][vc_column_inner width=\u00bb1\/4&#8243;][vc_single_image image=\u00bb66554&#8243; img_size=\u00bbfull\u00bb css=\u00bb\u00bb][vc_empty_space][vc_column_text css=\u00bb\u00bb]<\/p>\n<p style=\"text-align: center;\"><strong><a href=\"https:\/\/www.ibm.com\/es-es?utm_content=SRCWW&amp;p1=Search&amp;p4=43700070739409119&amp;p5=e&amp;p9=58700007789520001&amp;gad_source=1&amp;gclid=Cj0KCQjw0Oq2BhCCARIsAA5hubXo60AbRxYhgM5OnpZdFyUPplHs5LgWK8o83uu4RHbY0FIcofIi2_YaArMAEALw_wcB&amp;gclsrc=aw.ds\">www.ibm.com<\/a>\u00a0| <a href=\"https:\/\/www.linkedin.com\/in\/sara-martinez-martinez\/\" target=\"_blank\" rel=\"noopener\">Linkedin<\/a><\/strong><\/p>\n<p>[\/vc_column_text][\/vc_column_inner][vc_column_inner width=\u00bb3\/4&#8243;]<div id=\"ultimate-heading-90346a97ec6eb093a\" class=\"uvc-heading ult-adjust-bottom-margin ultimate-heading-90346a97ec6eb093a uvc-4323  uvc-heading-default-font-sizes\" data-hspacer=\"line_only\"  data-halign=\"left\" style=\"text-align:left\"><div class=\"uvc-main-heading ult-responsive\"  data-ultimate-target='.uvc-heading.ultimate-heading-90346a97ec6eb093a h2'  data-responsive-json-new='{\"font-size\":\"\",\"line-height\":\"\"}' ><h2 style=\"--font-weight:theme;\">Sara Mart\u00ednez<\/h2><\/div><div class=\"uvc-heading-spacer line_only\" style=\"topheight:1px;\"><span class=\"uvc-headings-line\" style=\"border-style:solid;border-bottom-width:1px;border-color:#4383ce;width:100px;\"><\/span><\/div><div class=\"uvc-sub-heading ult-responsive\"  data-ultimate-target='.uvc-heading.ultimate-heading-90346a97ec6eb093a .uvc-sub-heading '  data-responsive-json-new='{\"font-size\":\"\",\"line-height\":\"\"}'  style=\"font-weight:normal;\"><\/p>\n<h3>Data &amp; AI technical sales engineer, IBM<\/h3>\n<h3><\/h3>\n<p><\/div><\/div>[vc_column_text css=\u00bb\u00bb]Ingeniera de datos e inteligencia artificial con cuatro a\u00f1os de experiencia en delivery y desarrollo de soluciones.<\/p>\n<div class=\"aVla3\">\n<div class=\"\">\n<div class=\"GjFKx isFirstCard\" tabindex=\"-1\">\n<div class=\"jmmB7 Ts94W allowTextSelection\">\n<div class=\"c7KoH\"><\/div>\n<\/div>\n<\/div>\n<\/div>\n<\/div>\n<p>[\/vc_column_text][\/vc_column_inner][\/vc_row_inner][\/vc_column][\/vc_row][\/vc_section]<\/p>\n<\/div>","protected":false},"excerpt":{"rendered":"<p>Per qu\u00e8 la IA \u00e9s rellevant avui en dia? En la seva pon\u00e8ncia, la Keynote Speaker Inma Mart\u00ednez, parlar\u00e0 sobre IA responsable, governan\u00e7a de dades, el futur del treball i la innovaci\u00f3 i comercialitzaci\u00f3 de la IA en negocis i en la ind\u00fastria.<\/p>\n","protected":false},"author":5,"featured_media":0,"comment_status":"closed","ping_status":"closed","sticky":false,"template":"","format":"standard","meta":{"footnotes":""},"categories":[523],"tags":[],"class_list":["post-66330","post","type-post","status-publish","format-standard","hentry","category-sin-categorizar","category-523","description-off"],"yoast_head":"<!-- This site is optimized with the Yoast SEO plugin v28.3 - https:\/\/yoast.com\/product\/yoast-seo-wordpress\/ -->\n<title>13.30h a 14.00h C\u00d3MO SOBREVIVIR AL FOMO DE LA IA GENERATIVA, TELEF\u00d3NICA TECH - AI Congress<\/title>\n<meta name=\"robots\" content=\"index, follow, max-snippet:-1, max-image-preview:large, max-video-preview:-1\" \/>\n<link rel=\"canonical\" href=\"https:\/\/aicongress.barcelona\/es\/como-sobrevivir-al-fomo-de-la-ia-generativa-telefonica-tech\/\" \/>\n<meta property=\"og:locale\" content=\"es_ES\" \/>\n<meta property=\"og:type\" content=\"article\" \/>\n<meta property=\"og:title\" content=\"13.30h a 14.00h C\u00d3MO SOBREVIVIR AL FOMO DE LA IA GENERATIVA, TELEF\u00d3NICA TECH - AI Congress\" \/>\n<meta property=\"og:description\" content=\"Per qu\u00e8 la IA \u00e9s rellevant avui en dia? En la seva pon\u00e8ncia, la Keynote Speaker Inma Mart\u00ednez, parlar\u00e0 sobre IA responsable, governan\u00e7a de dades, el futur del treball i la innovaci\u00f3 i comercialitzaci\u00f3 de la IA en negocis i en la ind\u00fastria.\" \/>\n<meta property=\"og:url\" content=\"https:\/\/aicongress.barcelona\/es\/como-sobrevivir-al-fomo-de-la-ia-generativa-telefonica-tech\/\" \/>\n<meta property=\"og:site_name\" content=\"AI Congress\" \/>\n<meta property=\"article:published_time\" content=\"2024-08-08T10:57:59+00:00\" \/>\n<meta property=\"article:modified_time\" content=\"2024-09-10T09:49:21+00:00\" \/>\n<meta name=\"author\" content=\"andrea.rius\" \/>\n<meta name=\"twitter:card\" content=\"summary_large_image\" \/>\n<meta name=\"twitter:label1\" content=\"Escrito por\" \/>\n\t<meta name=\"twitter:data1\" content=\"andrea.rius\" \/>\n\t<meta name=\"twitter:label2\" content=\"Tiempo de lectura\" \/>\n\t<meta name=\"twitter:data2\" content=\"2 minutos\" \/>\n<script type=\"application\/ld+json\" class=\"yoast-schema-graph\">{\"@context\":\"https:\\\/\\\/schema.org\",\"@graph\":[{\"@type\":\"Article\",\"@id\":\"https:\\\/\\\/aicongress.barcelona\\\/es\\\/como-sobrevivir-al-fomo-de-la-ia-generativa-telefonica-tech\\\/#article\",\"isPartOf\":{\"@id\":\"https:\\\/\\\/aicongress.barcelona\\\/es\\\/como-sobrevivir-al-fomo-de-la-ia-generativa-telefonica-tech\\\/\"},\"author\":{\"name\":\"andrea.rius\",\"@id\":\"https:\\\/\\\/aicongress.barcelona\\\/en\\\/#\\\/schema\\\/person\\\/ddf2dec255b6a20bca16c82243f2980d\"},\"headline\":\"13.30h a 14.00h C\u00d3MO SOBREVIVIR AL FOMO DE LA IA GENERATIVA, TELEF\u00d3NICA TECH\",\"datePublished\":\"2024-08-08T10:57:59+00:00\",\"dateModified\":\"2024-09-10T09:49:21+00:00\",\"mainEntityOfPage\":{\"@id\":\"https:\\\/\\\/aicongress.barcelona\\\/es\\\/como-sobrevivir-al-fomo-de-la-ia-generativa-telefonica-tech\\\/\"},\"wordCount\":473,\"articleSection\":[\"Sin categorizar\"],\"inLanguage\":\"es\"},{\"@type\":\"WebPage\",\"@id\":\"https:\\\/\\\/aicongress.barcelona\\\/es\\\/como-sobrevivir-al-fomo-de-la-ia-generativa-telefonica-tech\\\/\",\"url\":\"https:\\\/\\\/aicongress.barcelona\\\/es\\\/como-sobrevivir-al-fomo-de-la-ia-generativa-telefonica-tech\\\/\",\"name\":\"13.30h a 14.00h C\u00d3MO SOBREVIVIR AL FOMO DE LA IA GENERATIVA, TELEF\u00d3NICA TECH - AI Congress\",\"isPartOf\":{\"@id\":\"https:\\\/\\\/aicongress.barcelona\\\/en\\\/#website\"},\"datePublished\":\"2024-08-08T10:57:59+00:00\",\"dateModified\":\"2024-09-10T09:49:21+00:00\",\"author\":{\"@id\":\"https:\\\/\\\/aicongress.barcelona\\\/en\\\/#\\\/schema\\\/person\\\/ddf2dec255b6a20bca16c82243f2980d\"},\"breadcrumb\":{\"@id\":\"https:\\\/\\\/aicongress.barcelona\\\/es\\\/como-sobrevivir-al-fomo-de-la-ia-generativa-telefonica-tech\\\/#breadcrumb\"},\"inLanguage\":\"es\",\"potentialAction\":[{\"@type\":\"ReadAction\",\"target\":[\"https:\\\/\\\/aicongress.barcelona\\\/es\\\/como-sobrevivir-al-fomo-de-la-ia-generativa-telefonica-tech\\\/\"]}]},{\"@type\":\"BreadcrumbList\",\"@id\":\"https:\\\/\\\/aicongress.barcelona\\\/es\\\/como-sobrevivir-al-fomo-de-la-ia-generativa-telefonica-tech\\\/#breadcrumb\",\"itemListElement\":[{\"@type\":\"ListItem\",\"position\":1,\"name\":\"Home\",\"item\":\"https:\\\/\\\/aicongress.barcelona\\\/es\\\/\"},{\"@type\":\"ListItem\",\"position\":2,\"name\":\"13.30h a 14.00h C\u00d3MO SOBREVIVIR AL FOMO DE LA IA GENERATIVA, TELEF\u00d3NICA TECH\"}]},{\"@type\":\"WebSite\",\"@id\":\"https:\\\/\\\/aicongress.barcelona\\\/en\\\/#website\",\"url\":\"https:\\\/\\\/aicongress.barcelona\\\/en\\\/\",\"name\":\"AI Congress\",\"description\":\"\",\"potentialAction\":[{\"@type\":\"SearchAction\",\"target\":{\"@type\":\"EntryPoint\",\"urlTemplate\":\"https:\\\/\\\/aicongress.barcelona\\\/en\\\/?s={search_term_string}\"},\"query-input\":{\"@type\":\"PropertyValueSpecification\",\"valueRequired\":true,\"valueName\":\"search_term_string\"}}],\"inLanguage\":\"es\"},{\"@type\":\"Person\",\"@id\":\"https:\\\/\\\/aicongress.barcelona\\\/en\\\/#\\\/schema\\\/person\\\/ddf2dec255b6a20bca16c82243f2980d\",\"name\":\"andrea.rius\",\"image\":{\"@type\":\"ImageObject\",\"inLanguage\":\"es\",\"@id\":\"https:\\\/\\\/secure.gravatar.com\\\/avatar\\\/8dcf1c4957ebb85839e23afe56973e9aba8c50a3a64eceb1bb2fcc079f764195?s=96&d=mm&r=g\",\"url\":\"https:\\\/\\\/secure.gravatar.com\\\/avatar\\\/8dcf1c4957ebb85839e23afe56973e9aba8c50a3a64eceb1bb2fcc079f764195?s=96&d=mm&r=g\",\"contentUrl\":\"https:\\\/\\\/secure.gravatar.com\\\/avatar\\\/8dcf1c4957ebb85839e23afe56973e9aba8c50a3a64eceb1bb2fcc079f764195?s=96&d=mm&r=g\",\"caption\":\"andrea.rius\"},\"url\":\"https:\\\/\\\/aicongress.barcelona\\\/es\\\/author\\\/andrea-rius\\\/\"}]}<\/script>\n<!-- \/ Yoast SEO plugin. -->","yoast_head_json":{"title":"13.30h a 14.00h C\u00d3MO SOBREVIVIR AL FOMO DE LA IA GENERATIVA, TELEF\u00d3NICA TECH - AI Congress","robots":{"index":"index","follow":"follow","max-snippet":"max-snippet:-1","max-image-preview":"max-image-preview:large","max-video-preview":"max-video-preview:-1"},"canonical":"https:\/\/aicongress.barcelona\/es\/como-sobrevivir-al-fomo-de-la-ia-generativa-telefonica-tech\/","og_locale":"es_ES","og_type":"article","og_title":"13.30h a 14.00h C\u00d3MO SOBREVIVIR AL FOMO DE LA IA GENERATIVA, TELEF\u00d3NICA TECH - AI Congress","og_description":"Per qu\u00e8 la IA \u00e9s rellevant avui en dia? En la seva pon\u00e8ncia, la Keynote Speaker Inma Mart\u00ednez, parlar\u00e0 sobre IA responsable, governan\u00e7a de dades, el futur del treball i la innovaci\u00f3 i comercialitzaci\u00f3 de la IA en negocis i en la ind\u00fastria.","og_url":"https:\/\/aicongress.barcelona\/es\/como-sobrevivir-al-fomo-de-la-ia-generativa-telefonica-tech\/","og_site_name":"AI Congress","article_published_time":"2024-08-08T10:57:59+00:00","article_modified_time":"2024-09-10T09:49:21+00:00","author":"andrea.rius","twitter_card":"summary_large_image","twitter_misc":{"Escrito por":"andrea.rius","Tiempo de lectura":"2 minutos"},"schema":{"@context":"https:\/\/schema.org","@graph":[{"@type":"Article","@id":"https:\/\/aicongress.barcelona\/es\/como-sobrevivir-al-fomo-de-la-ia-generativa-telefonica-tech\/#article","isPartOf":{"@id":"https:\/\/aicongress.barcelona\/es\/como-sobrevivir-al-fomo-de-la-ia-generativa-telefonica-tech\/"},"author":{"name":"andrea.rius","@id":"https:\/\/aicongress.barcelona\/en\/#\/schema\/person\/ddf2dec255b6a20bca16c82243f2980d"},"headline":"13.30h a 14.00h C\u00d3MO SOBREVIVIR AL FOMO DE LA IA GENERATIVA, TELEF\u00d3NICA TECH","datePublished":"2024-08-08T10:57:59+00:00","dateModified":"2024-09-10T09:49:21+00:00","mainEntityOfPage":{"@id":"https:\/\/aicongress.barcelona\/es\/como-sobrevivir-al-fomo-de-la-ia-generativa-telefonica-tech\/"},"wordCount":473,"articleSection":["Sin categorizar"],"inLanguage":"es"},{"@type":"WebPage","@id":"https:\/\/aicongress.barcelona\/es\/como-sobrevivir-al-fomo-de-la-ia-generativa-telefonica-tech\/","url":"https:\/\/aicongress.barcelona\/es\/como-sobrevivir-al-fomo-de-la-ia-generativa-telefonica-tech\/","name":"13.30h a 14.00h C\u00d3MO SOBREVIVIR AL FOMO DE LA IA GENERATIVA, TELEF\u00d3NICA TECH - AI Congress","isPartOf":{"@id":"https:\/\/aicongress.barcelona\/en\/#website"},"datePublished":"2024-08-08T10:57:59+00:00","dateModified":"2024-09-10T09:49:21+00:00","author":{"@id":"https:\/\/aicongress.barcelona\/en\/#\/schema\/person\/ddf2dec255b6a20bca16c82243f2980d"},"breadcrumb":{"@id":"https:\/\/aicongress.barcelona\/es\/como-sobrevivir-al-fomo-de-la-ia-generativa-telefonica-tech\/#breadcrumb"},"inLanguage":"es","potentialAction":[{"@type":"ReadAction","target":["https:\/\/aicongress.barcelona\/es\/como-sobrevivir-al-fomo-de-la-ia-generativa-telefonica-tech\/"]}]},{"@type":"BreadcrumbList","@id":"https:\/\/aicongress.barcelona\/es\/como-sobrevivir-al-fomo-de-la-ia-generativa-telefonica-tech\/#breadcrumb","itemListElement":[{"@type":"ListItem","position":1,"name":"Home","item":"https:\/\/aicongress.barcelona\/es\/"},{"@type":"ListItem","position":2,"name":"13.30h a 14.00h C\u00d3MO SOBREVIVIR AL FOMO DE LA IA GENERATIVA, TELEF\u00d3NICA TECH"}]},{"@type":"WebSite","@id":"https:\/\/aicongress.barcelona\/en\/#website","url":"https:\/\/aicongress.barcelona\/en\/","name":"AI Congress","description":"","potentialAction":[{"@type":"SearchAction","target":{"@type":"EntryPoint","urlTemplate":"https:\/\/aicongress.barcelona\/en\/?s={search_term_string}"},"query-input":{"@type":"PropertyValueSpecification","valueRequired":true,"valueName":"search_term_string"}}],"inLanguage":"es"},{"@type":"Person","@id":"https:\/\/aicongress.barcelona\/en\/#\/schema\/person\/ddf2dec255b6a20bca16c82243f2980d","name":"andrea.rius","image":{"@type":"ImageObject","inLanguage":"es","@id":"https:\/\/secure.gravatar.com\/avatar\/8dcf1c4957ebb85839e23afe56973e9aba8c50a3a64eceb1bb2fcc079f764195?s=96&d=mm&r=g","url":"https:\/\/secure.gravatar.com\/avatar\/8dcf1c4957ebb85839e23afe56973e9aba8c50a3a64eceb1bb2fcc079f764195?s=96&d=mm&r=g","contentUrl":"https:\/\/secure.gravatar.com\/avatar\/8dcf1c4957ebb85839e23afe56973e9aba8c50a3a64eceb1bb2fcc079f764195?s=96&d=mm&r=g","caption":"andrea.rius"},"url":"https:\/\/aicongress.barcelona\/es\/author\/andrea-rius\/"}]}},"_links":{"self":[{"href":"https:\/\/aicongress.barcelona\/es\/wp-json\/wp\/v2\/posts\/66330","targetHints":{"allow":["GET"]}}],"collection":[{"href":"https:\/\/aicongress.barcelona\/es\/wp-json\/wp\/v2\/posts"}],"about":[{"href":"https:\/\/aicongress.barcelona\/es\/wp-json\/wp\/v2\/types\/post"}],"author":[{"embeddable":true,"href":"https:\/\/aicongress.barcelona\/es\/wp-json\/wp\/v2\/users\/5"}],"replies":[{"embeddable":true,"href":"https:\/\/aicongress.barcelona\/es\/wp-json\/wp\/v2\/comments?post=66330"}],"version-history":[{"count":2,"href":"https:\/\/aicongress.barcelona\/es\/wp-json\/wp\/v2\/posts\/66330\/revisions"}],"predecessor-version":[{"id":66586,"href":"https:\/\/aicongress.barcelona\/es\/wp-json\/wp\/v2\/posts\/66330\/revisions\/66586"}],"wp:attachment":[{"href":"https:\/\/aicongress.barcelona\/es\/wp-json\/wp\/v2\/media?parent=66330"}],"wp:term":[{"taxonomy":"category","embeddable":true,"href":"https:\/\/aicongress.barcelona\/es\/wp-json\/wp\/v2\/categories?post=66330"},{"taxonomy":"post_tag","embeddable":true,"href":"https:\/\/aicongress.barcelona\/es\/wp-json\/wp\/v2\/tags?post=66330"}],"curies":[{"name":"wp","href":"https:\/\/api.w.org\/{rel}","templated":true}]}}