{"id":72256,"date":"2026-06-20T09:00:08","date_gmt":"2026-06-20T08:00:08","guid":{"rendered":"https:\/\/aicongress.barcelona\/?p=72256"},"modified":"2026-09-04T13:07:55","modified_gmt":"2026-09-04T12:07:55","slug":"keynote-speakerjezabel-r-garcia-directora-de-investigacion-multiverse-computing","status":"publish","type":"post","link":"https:\/\/aicongress.barcelona\/es\/keynote-speakerjezabel-r-garcia-directora-de-investigacion-multiverse-computing\/","title":{"rendered":"11.30h a 12.10h<br>Keynote Speaker:<br>Jezabel R. Garcia, Directora de investigaci\u00f3n en IA, MULTIVERSE COMPUTING"},"content":{"rendered":"<div class=\"wpb-content-wrapper\"><p>[vc_section][vc_row][vc_column][vc_empty_space]<div id=\"ultimate-heading-71316a9bcba8bc620\" class=\"uvc-heading ult-adjust-bottom-margin ultimate-heading-71316a9bcba8bc620 uvc-6164  uvc-heading-default-font-sizes\" data-hspacer=\"line_only\"  data-halign=\"left\" style=\"text-align:left\"><div class=\"uvc-main-heading ult-responsive\"  data-ultimate-target='.uvc-heading.ultimate-heading-71316a9bcba8bc620 h2'  data-responsive-json-new='{\"font-size\":\"\",\"line-height\":\"\"}' ><h2 style=\"--font-weight:theme;color:#0066EF;\">KEYNOTE SPEAKER: De los grandes modelos a la IA soberana: compresi\u00f3n, Edge AI y el futuro de la inteligencia artificial<\/h2><\/div><div class=\"uvc-heading-spacer line_only\" style=\"topheight:1px;\"><span class=\"uvc-headings-line\" style=\"border-style:solid;border-bottom-width:1px;border-color:#0066EF;width:100px;\"><\/span><\/div><div class=\"uvc-sub-heading ult-responsive\"  data-ultimate-target='.uvc-heading.ultimate-heading-71316a9bcba8bc620 .uvc-sub-heading '  data-responsive-json-new='{\"font-size\":\"\",\"line-height\":\"\"}'  style=\"font-weight:normal;\"><\/p>\n<h3><strong>20 octubre 2026 | 11<\/strong>.30h a 12.10h<\/h3>\n<p><\/div><\/div>[\/vc_column][\/vc_row][vc_row full_width=\u00bbstretch_row\u00bb bg_type=\u00bbbg_color\u00bb bg_color_value=\u00bb#ededed\u00bb css=\u00bb.vc_custom_1681913912294{padding-top: 30px !important;padding-bottom: 30px !important;}\u00bb][vc_column][vc_row_inner][vc_column_inner][vc_column_text css=\u00bb\u00bb]<\/p>\n<h4>La inteligencia artificial ha estado marcada por una carrera hacia modelos cada vez m\u00e1s grandes. Sin embargo, la pr\u00f3xima revoluci\u00f3n har\u00e1 que la IA pueda ejecutarse de forma eficiente all\u00ed donde aporta m\u00e1s valor: en dispositivos, empresas, infraestructuras cr\u00edticas y administraciones p\u00fablicas. La compresi\u00f3n de modelos permite reducir dr\u00e1sticamente su tama\u00f1o y coste computacional sin perder capacidad, facilitando el despliegue de IA avanzada en el edge con menor consumo energ\u00e9tico y mayor privacidad. Esta conferencia presentar\u00e1 los \u00faltimos avances en compresi\u00f3n de modelos, sus aplicaciones industriales y su papel estrat\u00e9gico en el desarrollo de una IA soberana, eficiente y sostenible.<\/h4>\n<p>[\/vc_column_text][\/vc_column_inner][\/vc_row_inner][\/vc_column][\/vc_row][vc_row][vc_column][vc_empty_space]<div id=\"ultimate-heading-78876a9bcba8bc6f9\" class=\"uvc-heading ult-adjust-bottom-margin ultimate-heading-78876a9bcba8bc6f9 uvc-8823  uvc-heading-default-font-sizes\" data-hspacer=\"line_only\"  data-halign=\"left\" style=\"text-align:left\"><div class=\"uvc-main-heading ult-responsive\"  data-ultimate-target='.uvc-heading.ultimate-heading-78876a9bcba8bc6f9 h2'  data-responsive-json-new='{\"font-size\":\"\",\"line-height\":\"\"}' ><h2 style=\"--font-weight:theme;color:#0066EF;\">Presenta:<\/h2><\/div><div class=\"uvc-heading-spacer line_only\" style=\"topheight:1px;\"><span class=\"uvc-headings-line\" style=\"border-style:solid;border-bottom-width:1px;border-color:#0066EF;width:100px;\"><\/span><\/div><\/div>[\/vc_column][\/vc_row][vc_row full_width=\u00bbstretch_row\u00bb bg_type=\u00bbbg_color\u00bb bg_color_value=\u00bb#ffffff\u00bb css=\u00bb.vc_custom_1683718841357{padding-top: 30px !important;padding-bottom: 30px !important;}\u00bb][vc_column][vc_row_inner][vc_column_inner width=\u00bb1\/4&#8243;][vc_empty_space][vc_single_image image=\u00bb68523&#8243; img_size=\u00bbfull\u00bb css=\u00bb\u00bb][vc_empty_space][vc_column_text css=\u00bb\u00bb]<\/p>\n<p style=\"text-align: center;\"><a href=\"https:\/\/cidai.eu\/es\/\"><b>CIDAI<\/b><\/a> | <a href=\"https:\/\/www.linkedin.com\/in\/joan-mas-albaig%C3%A8s-9b27753\/\"><strong>LinkedIn<\/strong><\/a><\/p>\n<p>[\/vc_column_text][\/vc_column_inner][vc_column_inner width=\u00bb3\/4&#8243;][vc_empty_space]<div id=\"ultimate-heading-91806a9bcba8bc79d\" class=\"uvc-heading ult-adjust-bottom-margin ultimate-heading-91806a9bcba8bc79d uvc-6286  uvc-heading-default-font-sizes\" data-hspacer=\"line_only\"  data-halign=\"left\" style=\"text-align:left\"><div class=\"uvc-main-heading ult-responsive\"  data-ultimate-target='.uvc-heading.ultimate-heading-91806a9bcba8bc79d h2'  data-responsive-json-new='{\"font-size\":\"\",\"line-height\":\"\"}' ><h2 style=\"--font-weight:theme;\">JOAN MAS<\/h2><\/div><div class=\"uvc-heading-spacer line_only\" style=\"topheight:1px;\"><span class=\"uvc-headings-line\" style=\"border-style:solid;border-bottom-width:1px;border-color:#0066EF;width:100px;\"><\/span><\/div><\/div>[vc_column_text css=\u00bb\u00bb]<\/p>\n<h4 style=\"text-align: left;\">Director, CIDAI<\/h4>\n<p style=\"text-align: left;\">Joan Mas es ingeniero de Telecomunicaciones (UPC) y MBA (Webster University). Trabaj\u00f3 10 a\u00f1os en la Agencia Espacial Europea, Pa\u00edses Bajos, en los proyectos ENVISAT y METOP, sat\u00e9lites de observaci\u00f3n de la Tierra. De 2000 a 2008 desarroll\u00f3 en NTE S.A., equipamiento para la Estaci\u00f3n Espacial Internacional y sistemas de apoyo a la vida para misiones espaciales tripuladas. Hasta 2024 ha sido Director de la Divisi\u00f3n de Tecnolog\u00edas Digitales en Eurecat, impulsando desarrollos en \u00e1mbitos como Data Analytics y Big Data, Inteligencia Artificial, Ciberseguridad y otros para aplicaciones multisectoriales. Actualmente, es Director Cient\u00edfico en el \u00e1mbito digital en Eurecat y, desde 2021, tambi\u00e9n es Director del CIDAI.<\/p>\n<p>[\/vc_column_text][\/vc_column_inner][\/vc_row_inner][\/vc_column][\/vc_row][vc_row][vc_column][vc_empty_space]<div id=\"ultimate-heading-10196a9bcba8bc82f\" class=\"uvc-heading ult-adjust-bottom-margin ultimate-heading-10196a9bcba8bc82f uvc-5318  uvc-heading-default-font-sizes\" data-hspacer=\"line_only\"  data-halign=\"left\" style=\"text-align:left\"><div class=\"uvc-main-heading ult-responsive\"  data-ultimate-target='.uvc-heading.ultimate-heading-10196a9bcba8bc82f h2'  data-responsive-json-new='{\"font-size\":\"\",\"line-height\":\"\"}' ><h2 style=\"--font-weight:theme;color:#0066EF;\">Ponente:<\/h2><\/div><div class=\"uvc-heading-spacer line_only\" style=\"topheight:1px;\"><span class=\"uvc-headings-line\" style=\"border-style:solid;border-bottom-width:1px;border-color:#0066EF;width:100px;\"><\/span><\/div><\/div>[\/vc_column][\/vc_row][vc_row full_width=\u00bbstretch_row\u00bb bg_type=\u00bbbg_color\u00bb bg_color_value=\u00bb#ffffff\u00bb css=\u00bb.vc_custom_1683718841357{padding-top: 30px !important;padding-bottom: 30px !important;}\u00bb][vc_column][vc_row_inner][vc_column_inner width=\u00bb1\/4&#8243;][vc_empty_space][vc_single_image image=\u00bb73167&#8243; img_size=\u00bbfull\u00bb css=\u00bb\u00bb][vc_empty_space][vc_column_text css=\u00bb\u00bb]<\/p>\n<p style=\"text-align: center;\"><a href=\"https:\/\/multiversecomputing.com\/\"><b>MULTIVERSE COMPUTING<\/b><\/a> | <a href=\"https:\/\/www.linkedin.com\/in\/jezabel-r-garcia-496689b6\/\"><strong>LinkedIn<\/strong><\/a><\/p>\n<p>[\/vc_column_text][\/vc_column_inner][vc_column_inner width=\u00bb3\/4&#8243;][vc_empty_space]<div id=\"ultimate-heading-52936a9bcba8bc8c3\" class=\"uvc-heading ult-adjust-bottom-margin ultimate-heading-52936a9bcba8bc8c3 uvc-8556  uvc-heading-default-font-sizes\" data-hspacer=\"line_only\"  data-halign=\"left\" style=\"text-align:left\"><div class=\"uvc-main-heading ult-responsive\"  data-ultimate-target='.uvc-heading.ultimate-heading-52936a9bcba8bc8c3 h2'  data-responsive-json-new='{\"font-size\":\"\",\"line-height\":\"\"}' ><h2 style=\"--font-weight:theme;\">JEZABEL R. GARCIA<\/h2><\/div><div class=\"uvc-heading-spacer line_only\" style=\"topheight:1px;\"><span class=\"uvc-headings-line\" style=\"border-style:solid;border-bottom-width:1px;border-color:#0066EF;width:100px;\"><\/span><\/div><div class=\"uvc-sub-heading ult-responsive\"  data-ultimate-target='.uvc-heading.ultimate-heading-52936a9bcba8bc8c3 .uvc-sub-heading '  data-responsive-json-new='{\"font-size\":\"\",\"line-height\":\"\"}'  style=\"font-weight:normal;\"><\/p>\n<h4>Directora de investigaci\u00f3n en IA, MULTIVERSE COMPUTING<\/h4>\n<p><\/div><\/div>[vc_column_text css=\u00bb\u00bb][\/vc_column_text][vc_column_text css=\u00bb\u00bb]Jezabel R. Garcia es AI Research Manager en Multiverse, donde dirige l\u00edneas de investigaci\u00f3n en aprendizaje por refuerzo y alineamiento, compresi\u00f3n y eficiencia de modelos, y evaluaci\u00f3n de modelos. Gran parte de su trabajo en los m\u00e9todos que hacen a los modelos m\u00e1s capaces y fiables, junto con un marcado inter\u00e9s pr\u00e1ctico por la evaluaci\u00f3n y el an\u00e1lisis de fallos. Jezabel contribuye a los esfuerzos de su empresa en modelos multiling\u00fces, con especial inter\u00e9s en modelos que funcionen bien en lenguas europeas.[\/vc_column_text][\/vc_column_inner][\/vc_row_inner][\/vc_column][\/vc_row][\/vc_section]<\/p>\n<\/div>","protected":false},"excerpt":{"rendered":"<p>Los \u00faltimos avances en compresi\u00f3n de modelos, sus aplicaciones industriales y su papel estrat\u00e9gico en el desarrollo de una IA soberana, eficiente y sostenible.<\/p>\n","protected":false},"author":10,"featured_media":71572,"comment_status":"closed","ping_status":"closed","sticky":false,"template":"","format":"standard","meta":{"footnotes":""},"categories":[646],"tags":[],"class_list":["post-72256","post","type-post","status-publish","format-standard","has-post-thumbnail","hentry","category-20-octubre-es-bloc2","category-646","description-off"],"yoast_head":"<!-- This site is optimized with the Yoast SEO plugin v28.4 - https:\/\/yoast.com\/product\/yoast-seo-wordpress\/ -->\n<title>11.30h a 12.10hKeynote Speaker:Jezabel R. Garcia, Directora de investigaci\u00f3n en IA, MULTIVERSE COMPUTING - AI Congress<\/title>\n<meta name=\"robots\" content=\"index, follow, max-snippet:-1, max-image-preview:large, max-video-preview:-1\" \/>\n<link rel=\"canonical\" href=\"https:\/\/aicongress.barcelona\/es\/keynote-speakerjezabel-r-garcia-directora-de-investigacion-multiverse-computing\/\" \/>\n<meta property=\"og:locale\" content=\"es_ES\" \/>\n<meta property=\"og:type\" content=\"article\" \/>\n<meta property=\"og:title\" content=\"11.30h a 12.10hKeynote Speaker:Jezabel R. Garcia, Directora de investigaci\u00f3n en IA, MULTIVERSE COMPUTING - AI Congress\" \/>\n<meta property=\"og:description\" content=\"Los \u00faltimos avances en compresi\u00f3n de modelos, sus aplicaciones industriales y su papel estrat\u00e9gico en el desarrollo de una IA soberana, eficiente y sostenible.\" \/>\n<meta property=\"og:url\" content=\"https:\/\/aicongress.barcelona\/es\/keynote-speakerjezabel-r-garcia-directora-de-investigacion-multiverse-computing\/\" \/>\n<meta property=\"og:site_name\" content=\"AI Congress\" \/>\n<meta property=\"article:published_time\" content=\"2026-06-20T08:00:08+00:00\" \/>\n<meta property=\"article:modified_time\" content=\"2026-09-04T12:07:55+00:00\" \/>\n<meta property=\"og:image\" content=\"https:\/\/aicongress.barcelona\/wp-content\/uploads\/2026\/06\/prova3.jpg\" \/>\n\t<meta property=\"og:image:width\" content=\"480\" \/>\n\t<meta property=\"og:image:height\" content=\"219\" \/>\n\t<meta property=\"og:image:type\" content=\"image\/jpeg\" \/>\n<meta name=\"author\" content=\"Miriam Ardevol\" \/>\n<meta name=\"twitter:card\" content=\"summary_large_image\" \/>\n<meta name=\"twitter:label1\" content=\"Escrito por\" \/>\n\t<meta name=\"twitter:data1\" content=\"Miriam Ardevol\" \/>\n\t<meta name=\"twitter:label2\" content=\"Tiempo de lectura\" \/>\n\t<meta name=\"twitter:data2\" content=\"3 minutos\" \/>\n<script type=\"application\/ld+json\" class=\"yoast-schema-graph\">{\"@context\":\"https:\\\/\\\/schema.org\",\"@graph\":[{\"@type\":\"Article\",\"@id\":\"https:\\\/\\\/aicongress.barcelona\\\/es\\\/keynote-speakerjezabel-r-garcia-directora-de-investigacion-multiverse-computing\\\/#article\",\"isPartOf\":{\"@id\":\"https:\\\/\\\/aicongress.barcelona\\\/es\\\/keynote-speakerjezabel-r-garcia-directora-de-investigacion-multiverse-computing\\\/\"},\"author\":{\"name\":\"Miriam Ardevol\",\"@id\":\"https:\\\/\\\/aicongress.barcelona\\\/en\\\/#\\\/schema\\\/person\\\/f44fd493f223bcd89eef45ecd97fb6b0\"},\"headline\":\"11.30h a 12.10h Keynote Speaker: Jezabel R. Garcia, Directora de investigaci\u00f3n en IA, MULTIVERSE COMPUTING\",\"datePublished\":\"2026-06-20T08:00:08+00:00\",\"dateModified\":\"2026-09-04T12:07:55+00:00\",\"mainEntityOfPage\":{\"@id\":\"https:\\\/\\\/aicongress.barcelona\\\/es\\\/keynote-speakerjezabel-r-garcia-directora-de-investigacion-multiverse-computing\\\/\"},\"wordCount\":753,\"image\":{\"@id\":\"https:\\\/\\\/aicongress.barcelona\\\/es\\\/keynote-speakerjezabel-r-garcia-directora-de-investigacion-multiverse-computing\\\/#primaryimage\"},\"thumbnailUrl\":\"https:\\\/\\\/aicongress.barcelona\\\/wp-content\\\/uploads\\\/2026\\\/06\\\/prova3.jpg\",\"articleSection\":[\"20-OCTUBRE-es-bloc2\"],\"inLanguage\":\"es\"},{\"@type\":\"WebPage\",\"@id\":\"https:\\\/\\\/aicongress.barcelona\\\/es\\\/keynote-speakerjezabel-r-garcia-directora-de-investigacion-multiverse-computing\\\/\",\"url\":\"https:\\\/\\\/aicongress.barcelona\\\/es\\\/keynote-speakerjezabel-r-garcia-directora-de-investigacion-multiverse-computing\\\/\",\"name\":\"11.30h a 12.10h Keynote Speaker: Jezabel R. Garcia, Directora de investigaci\u00f3n en IA, MULTIVERSE COMPUTING - AI Congress\",\"isPartOf\":{\"@id\":\"https:\\\/\\\/aicongress.barcelona\\\/en\\\/#website\"},\"primaryImageOfPage\":{\"@id\":\"https:\\\/\\\/aicongress.barcelona\\\/es\\\/keynote-speakerjezabel-r-garcia-directora-de-investigacion-multiverse-computing\\\/#primaryimage\"},\"image\":{\"@id\":\"https:\\\/\\\/aicongress.barcelona\\\/es\\\/keynote-speakerjezabel-r-garcia-directora-de-investigacion-multiverse-computing\\\/#primaryimage\"},\"thumbnailUrl\":\"https:\\\/\\\/aicongress.barcelona\\\/wp-content\\\/uploads\\\/2026\\\/06\\\/prova3.jpg\",\"datePublished\":\"2026-06-20T08:00:08+00:00\",\"dateModified\":\"2026-09-04T12:07:55+00:00\",\"author\":{\"@id\":\"https:\\\/\\\/aicongress.barcelona\\\/en\\\/#\\\/schema\\\/person\\\/f44fd493f223bcd89eef45ecd97fb6b0\"},\"breadcrumb\":{\"@id\":\"https:\\\/\\\/aicongress.barcelona\\\/es\\\/keynote-speakerjezabel-r-garcia-directora-de-investigacion-multiverse-computing\\\/#breadcrumb\"},\"inLanguage\":\"es\",\"potentialAction\":[{\"@type\":\"ReadAction\",\"target\":[\"https:\\\/\\\/aicongress.barcelona\\\/es\\\/keynote-speakerjezabel-r-garcia-directora-de-investigacion-multiverse-computing\\\/\"]}]},{\"@type\":\"ImageObject\",\"inLanguage\":\"es\",\"@id\":\"https:\\\/\\\/aicongress.barcelona\\\/es\\\/keynote-speakerjezabel-r-garcia-directora-de-investigacion-multiverse-computing\\\/#primaryimage\",\"url\":\"https:\\\/\\\/aicongress.barcelona\\\/wp-content\\\/uploads\\\/2026\\\/06\\\/prova3.jpg\",\"contentUrl\":\"https:\\\/\\\/aicongress.barcelona\\\/wp-content\\\/uploads\\\/2026\\\/06\\\/prova3.jpg\",\"width\":480,\"height\":219},{\"@type\":\"BreadcrumbList\",\"@id\":\"https:\\\/\\\/aicongress.barcelona\\\/es\\\/keynote-speakerjezabel-r-garcia-directora-de-investigacion-multiverse-computing\\\/#breadcrumb\",\"itemListElement\":[{\"@type\":\"ListItem\",\"position\":1,\"name\":\"Home\",\"item\":\"https:\\\/\\\/aicongress.barcelona\\\/es\\\/\"},{\"@type\":\"ListItem\",\"position\":2,\"name\":\"11.30h a 12.10hKeynote Speaker:Jezabel R. Garcia, Directora de investigaci\u00f3n en IA, MULTIVERSE COMPUTING\"}]},{\"@type\":\"WebSite\",\"@id\":\"https:\\\/\\\/aicongress.barcelona\\\/en\\\/#website\",\"url\":\"https:\\\/\\\/aicongress.barcelona\\\/en\\\/\",\"name\":\"AI Congress\",\"description\":\"\",\"potentialAction\":[{\"@type\":\"SearchAction\",\"target\":{\"@type\":\"EntryPoint\",\"urlTemplate\":\"https:\\\/\\\/aicongress.barcelona\\\/en\\\/?s={search_term_string}\"},\"query-input\":{\"@type\":\"PropertyValueSpecification\",\"valueRequired\":true,\"valueName\":\"search_term_string\"}}],\"inLanguage\":\"es\"},{\"@type\":\"Person\",\"@id\":\"https:\\\/\\\/aicongress.barcelona\\\/en\\\/#\\\/schema\\\/person\\\/f44fd493f223bcd89eef45ecd97fb6b0\",\"name\":\"Miriam Ardevol\",\"image\":{\"@type\":\"ImageObject\",\"inLanguage\":\"es\",\"@id\":\"https:\\\/\\\/secure.gravatar.com\\\/avatar\\\/0c3b62f5b37a6751fcbb1ef91fe0cd0a3ca947f7756878d2fc8b99813ced98b2?s=96&d=mm&r=g\",\"url\":\"https:\\\/\\\/secure.gravatar.com\\\/avatar\\\/0c3b62f5b37a6751fcbb1ef91fe0cd0a3ca947f7756878d2fc8b99813ced98b2?s=96&d=mm&r=g\",\"contentUrl\":\"https:\\\/\\\/secure.gravatar.com\\\/avatar\\\/0c3b62f5b37a6751fcbb1ef91fe0cd0a3ca947f7756878d2fc8b99813ced98b2?s=96&d=mm&r=g\",\"caption\":\"Miriam Ardevol\"},\"url\":\"https:\\\/\\\/aicongress.barcelona\\\/es\\\/author\\\/miriam-ardevol\\\/\"}]}<\/script>\n<!-- \/ Yoast SEO plugin. -->","yoast_head_json":{"title":"11.30h a 12.10hKeynote Speaker:Jezabel R. Garcia, Directora de investigaci\u00f3n en IA, MULTIVERSE COMPUTING - AI Congress","robots":{"index":"index","follow":"follow","max-snippet":"max-snippet:-1","max-image-preview":"max-image-preview:large","max-video-preview":"max-video-preview:-1"},"canonical":"https:\/\/aicongress.barcelona\/es\/keynote-speakerjezabel-r-garcia-directora-de-investigacion-multiverse-computing\/","og_locale":"es_ES","og_type":"article","og_title":"11.30h a 12.10hKeynote Speaker:Jezabel R. Garcia, Directora de investigaci\u00f3n en IA, MULTIVERSE COMPUTING - AI Congress","og_description":"Los \u00faltimos avances en compresi\u00f3n de modelos, sus aplicaciones industriales y su papel estrat\u00e9gico en el desarrollo de una IA soberana, eficiente y sostenible.","og_url":"https:\/\/aicongress.barcelona\/es\/keynote-speakerjezabel-r-garcia-directora-de-investigacion-multiverse-computing\/","og_site_name":"AI Congress","article_published_time":"2026-06-20T08:00:08+00:00","article_modified_time":"2026-09-04T12:07:55+00:00","og_image":[{"width":480,"height":219,"url":"https:\/\/aicongress.barcelona\/wp-content\/uploads\/2026\/06\/prova3.jpg","type":"image\/jpeg"}],"author":"Miriam Ardevol","twitter_card":"summary_large_image","twitter_misc":{"Escrito por":"Miriam Ardevol","Tiempo de lectura":"3 minutos"},"schema":{"@context":"https:\/\/schema.org","@graph":[{"@type":"Article","@id":"https:\/\/aicongress.barcelona\/es\/keynote-speakerjezabel-r-garcia-directora-de-investigacion-multiverse-computing\/#article","isPartOf":{"@id":"https:\/\/aicongress.barcelona\/es\/keynote-speakerjezabel-r-garcia-directora-de-investigacion-multiverse-computing\/"},"author":{"name":"Miriam Ardevol","@id":"https:\/\/aicongress.barcelona\/en\/#\/schema\/person\/f44fd493f223bcd89eef45ecd97fb6b0"},"headline":"11.30h a 12.10h Keynote Speaker: Jezabel R. Garcia, Directora de investigaci\u00f3n en IA, MULTIVERSE COMPUTING","datePublished":"2026-06-20T08:00:08+00:00","dateModified":"2026-09-04T12:07:55+00:00","mainEntityOfPage":{"@id":"https:\/\/aicongress.barcelona\/es\/keynote-speakerjezabel-r-garcia-directora-de-investigacion-multiverse-computing\/"},"wordCount":753,"image":{"@id":"https:\/\/aicongress.barcelona\/es\/keynote-speakerjezabel-r-garcia-directora-de-investigacion-multiverse-computing\/#primaryimage"},"thumbnailUrl":"https:\/\/aicongress.barcelona\/wp-content\/uploads\/2026\/06\/prova3.jpg","articleSection":["20-OCTUBRE-es-bloc2"],"inLanguage":"es"},{"@type":"WebPage","@id":"https:\/\/aicongress.barcelona\/es\/keynote-speakerjezabel-r-garcia-directora-de-investigacion-multiverse-computing\/","url":"https:\/\/aicongress.barcelona\/es\/keynote-speakerjezabel-r-garcia-directora-de-investigacion-multiverse-computing\/","name":"11.30h a 12.10h Keynote Speaker: Jezabel R. Garcia, Directora de investigaci\u00f3n en IA, MULTIVERSE COMPUTING - AI Congress","isPartOf":{"@id":"https:\/\/aicongress.barcelona\/en\/#website"},"primaryImageOfPage":{"@id":"https:\/\/aicongress.barcelona\/es\/keynote-speakerjezabel-r-garcia-directora-de-investigacion-multiverse-computing\/#primaryimage"},"image":{"@id":"https:\/\/aicongress.barcelona\/es\/keynote-speakerjezabel-r-garcia-directora-de-investigacion-multiverse-computing\/#primaryimage"},"thumbnailUrl":"https:\/\/aicongress.barcelona\/wp-content\/uploads\/2026\/06\/prova3.jpg","datePublished":"2026-06-20T08:00:08+00:00","dateModified":"2026-09-04T12:07:55+00:00","author":{"@id":"https:\/\/aicongress.barcelona\/en\/#\/schema\/person\/f44fd493f223bcd89eef45ecd97fb6b0"},"breadcrumb":{"@id":"https:\/\/aicongress.barcelona\/es\/keynote-speakerjezabel-r-garcia-directora-de-investigacion-multiverse-computing\/#breadcrumb"},"inLanguage":"es","potentialAction":[{"@type":"ReadAction","target":["https:\/\/aicongress.barcelona\/es\/keynote-speakerjezabel-r-garcia-directora-de-investigacion-multiverse-computing\/"]}]},{"@type":"ImageObject","inLanguage":"es","@id":"https:\/\/aicongress.barcelona\/es\/keynote-speakerjezabel-r-garcia-directora-de-investigacion-multiverse-computing\/#primaryimage","url":"https:\/\/aicongress.barcelona\/wp-content\/uploads\/2026\/06\/prova3.jpg","contentUrl":"https:\/\/aicongress.barcelona\/wp-content\/uploads\/2026\/06\/prova3.jpg","width":480,"height":219},{"@type":"BreadcrumbList","@id":"https:\/\/aicongress.barcelona\/es\/keynote-speakerjezabel-r-garcia-directora-de-investigacion-multiverse-computing\/#breadcrumb","itemListElement":[{"@type":"ListItem","position":1,"name":"Home","item":"https:\/\/aicongress.barcelona\/es\/"},{"@type":"ListItem","position":2,"name":"11.30h a 12.10hKeynote Speaker:Jezabel R. Garcia, Directora de investigaci\u00f3n en IA, MULTIVERSE COMPUTING"}]},{"@type":"WebSite","@id":"https:\/\/aicongress.barcelona\/en\/#website","url":"https:\/\/aicongress.barcelona\/en\/","name":"AI Congress","description":"","potentialAction":[{"@type":"SearchAction","target":{"@type":"EntryPoint","urlTemplate":"https:\/\/aicongress.barcelona\/en\/?s={search_term_string}"},"query-input":{"@type":"PropertyValueSpecification","valueRequired":true,"valueName":"search_term_string"}}],"inLanguage":"es"},{"@type":"Person","@id":"https:\/\/aicongress.barcelona\/en\/#\/schema\/person\/f44fd493f223bcd89eef45ecd97fb6b0","name":"Miriam Ardevol","image":{"@type":"ImageObject","inLanguage":"es","@id":"https:\/\/secure.gravatar.com\/avatar\/0c3b62f5b37a6751fcbb1ef91fe0cd0a3ca947f7756878d2fc8b99813ced98b2?s=96&d=mm&r=g","url":"https:\/\/secure.gravatar.com\/avatar\/0c3b62f5b37a6751fcbb1ef91fe0cd0a3ca947f7756878d2fc8b99813ced98b2?s=96&d=mm&r=g","contentUrl":"https:\/\/secure.gravatar.com\/avatar\/0c3b62f5b37a6751fcbb1ef91fe0cd0a3ca947f7756878d2fc8b99813ced98b2?s=96&d=mm&r=g","caption":"Miriam Ardevol"},"url":"https:\/\/aicongress.barcelona\/es\/author\/miriam-ardevol\/"}]}},"_links":{"self":[{"href":"https:\/\/aicongress.barcelona\/es\/wp-json\/wp\/v2\/posts\/72256","targetHints":{"allow":["GET"]}}],"collection":[{"href":"https:\/\/aicongress.barcelona\/es\/wp-json\/wp\/v2\/posts"}],"about":[{"href":"https:\/\/aicongress.barcelona\/es\/wp-json\/wp\/v2\/types\/post"}],"author":[{"embeddable":true,"href":"https:\/\/aicongress.barcelona\/es\/wp-json\/wp\/v2\/users\/10"}],"replies":[{"embeddable":true,"href":"https:\/\/aicongress.barcelona\/es\/wp-json\/wp\/v2\/comments?post=72256"}],"version-history":[{"count":4,"href":"https:\/\/aicongress.barcelona\/es\/wp-json\/wp\/v2\/posts\/72256\/revisions"}],"predecessor-version":[{"id":73230,"href":"https:\/\/aicongress.barcelona\/es\/wp-json\/wp\/v2\/posts\/72256\/revisions\/73230"}],"wp:featuredmedia":[{"embeddable":true,"href":"https:\/\/aicongress.barcelona\/es\/wp-json\/wp\/v2\/media\/71572"}],"wp:attachment":[{"href":"https:\/\/aicongress.barcelona\/es\/wp-json\/wp\/v2\/media?parent=72256"}],"wp:term":[{"taxonomy":"category","embeddable":true,"href":"https:\/\/aicongress.barcelona\/es\/wp-json\/wp\/v2\/categories?post=72256"},{"taxonomy":"post_tag","embeddable":true,"href":"https:\/\/aicongress.barcelona\/es\/wp-json\/wp\/v2\/tags?post=72256"}],"curies":[{"name":"wp","href":"https:\/\/api.w.org\/{rel}","templated":true}]}}